{"id":18807,"date":"2021-10-24T21:40:33","date_gmt":"2021-10-24T21:40:33","guid":{"rendered":"http:\/\/5lo.lublin.pl\/?p=18807"},"modified":"2021-10-24T21:40:36","modified_gmt":"2021-10-24T21:40:36","slug":"hanna-komecka-wystawa-co-oczy-powiedza","status":"publish","type":"post","link":"https:\/\/5lo.lublin.pl\/?p=18807","title":{"rendered":"Hanna Komecka &#8211; Wystawa &#8222;Co oczy powiedz\u0105?&#8221;"},"content":{"rendered":"\n<p style=\"font-size:17px\">Hanna Komecka jest uczennic\u0105 V Liceum Og\u00f3lnokszta\u0142c\u0105cego im. Marii Sk\u0142odowskiej-Curie. Fotografi\u0105 interesuje si\u0119 od 3 lat, a swoje pierwsze sesje zdj\u0119ciowe zacz\u0119\u0142a robi\u0107 2 lata temu w grudniu. Fotografia jest dla niej czym\u015b niezwyk\u0142ym. Dzi\u0119ki niej mo\u017ce pokaza\u0107 ludziom co ma w sercu, co czuje i co jest dla niej wa\u017cne. Z ka\u017cdym zdj\u0119ciem stara si\u0119 przekaza\u0107 jak\u0105\u015b histori\u0119, kt\u00f3r\u0105 zostawia odbiorcom do w\u0142asnej refleksji.<\/p>\n\n\n\n<p style=\"font-size:17px\">W ci\u0105gu ostatniego roku jej pracy pozna\u0142a wielu ludzi, kt\u00f3rzy mieli bardzo du\u017cy wp\u0142yw na jej dalszy rozw\u00f3j osobisty, jak i ten fotograficzny. <\/p>\n\n\n\n<p style=\"font-size:17px\">W dniu 1 pa\u017adziernika w M\u0142odzie\u017cowym Domu Kultury nr 2 w Lublinie odby\u0142a si\u0119 wystawa prac Hanny.<\/p>\n\n\n\n<p style=\"font-size:17px\"><a href=\"http:\/\/mdk2.lublin.pl\/2021\/Komecka-Hanna\/wystawa\/?fbclid=IwAR1K7YosnVV9JXnQ_5WaFA1mUlnjD63EFMdqqBWq_GD7XI-j_EWckwsms4o\" target=\"_blank\" rel=\"noreferrer noopener\">O wystawie<\/a><\/p>\n\n\n\n<p style=\"font-size:17px\">Serdecznie gratulujemy.<\/p>\n","protected":false},"excerpt":{"rendered":"<p>Hanna Komecka jest uczennic\u0105 V Liceum Og\u00f3lnokszta\u0142c\u0105cego im. Marii Sk\u0142odowskiej-Curie. Fotografi\u0105 interesuje si\u0119 od 3 lat, a swoje pierwsze sesje zdj\u0119ciowe zacz\u0119\u0142a robi\u0107 2 lata temu w grudniu. Fotografia jest dla niej czym\u015b niezwyk\u0142ym. Dzi\u0119ki niej mo\u017ce pokaza\u0107 ludziom co ma w sercu, co czuje i co jest dla niej wa\u017cne. Z ka\u017cdym zdj\u0119ciem stara [&hellip;]<\/p>\n","protected":false},"author":23,"featured_media":18808,"comment_status":"open","ping_status":"open","sticky":false,"template":"","format":"standard","meta":{"footnotes":""},"categories":[134,155],"tags":[],"_links":{"self":[{"href":"https:\/\/5lo.lublin.pl\/index.php?rest_route=\/wp\/v2\/posts\/18807"}],"collection":[{"href":"https:\/\/5lo.lublin.pl\/index.php?rest_route=\/wp\/v2\/posts"}],"about":[{"href":"https:\/\/5lo.lublin.pl\/index.php?rest_route=\/wp\/v2\/types\/post"}],"author":[{"embeddable":true,"href":"https:\/\/5lo.lublin.pl\/index.php?rest_route=\/wp\/v2\/users\/23"}],"replies":[{"embeddable":true,"href":"https:\/\/5lo.lublin.pl\/index.php?rest_route=%2Fwp%2Fv2%2Fcomments&post=18807"}],"version-history":[{"count":1,"href":"https:\/\/5lo.lublin.pl\/index.php?rest_route=\/wp\/v2\/posts\/18807\/revisions"}],"predecessor-version":[{"id":18812,"href":"https:\/\/5lo.lublin.pl\/index.php?rest_route=\/wp\/v2\/posts\/18807\/revisions\/18812"}],"wp:featuredmedia":[{"embeddable":true,"href":"https:\/\/5lo.lublin.pl\/index.php?rest_route=\/wp\/v2\/media\/18808"}],"wp:attachment":[{"href":"https:\/\/5lo.lublin.pl\/index.php?rest_route=%2Fwp%2Fv2%2Fmedia&parent=18807"}],"wp:term":[{"taxonomy":"category","embeddable":true,"href":"https:\/\/5lo.lublin.pl\/index.php?rest_route=%2Fwp%2Fv2%2Fcategories&post=18807"},{"taxonomy":"post_tag","embeddable":true,"href":"https:\/\/5lo.lublin.pl\/index.php?rest_route=%2Fwp%2Fv2%2Ftags&post=18807"}],"curies":[{"name":"wp","href":"https:\/\/api.w.org\/{rel}","templated":true}]}}