{"id":18796,"date":"2021-10-22T13:28:04","date_gmt":"2021-10-22T13:28:04","guid":{"rendered":"http:\/\/5lo.lublin.pl\/?p=18796"},"modified":"2021-12-04T16:36:15","modified_gmt":"2021-12-04T16:36:15","slug":"konkurs-na-literacka-prace-tworcza-inspirowana-motywem-dobre-zycie","status":"publish","type":"post","link":"https:\/\/5lo.lublin.pl\/?p=18796","title":{"rendered":"Konkurs na literack\u0105 prac\u0119 tw\u00f3rcz\u0105 inspirowan\u0105 motywem \u201edobre \u017cycie\u201d"},"content":{"rendered":"\n<p style=\"font-size:17px\">Z okazji obchod\u00f3w <strong>\u015awiatowego Dnia Filozofii<\/strong> w dniu 18 listopada 2021 Szkolny Klub UNESCO og\u0142asza konkurs na <strong>literack\u0105 prac\u0119 tw\u00f3rcz<\/strong>\u0105 inspirowan\u0105 motywem <strong>\u201edobre \u017cycie\u201d<\/strong>.<\/p>\n\n\n\n<p style=\"font-size:17px\">\u2192 zastan\u00f3w si\u0119, czym dla Ciebie jest dobre \u017cycie \u2013 jako inspiracj\u0119 mo\u017cesz wykorzysta\u0107 poni\u017csze cytaty:<\/p>\n\n\n\n<p style=\"font-size:17px\"><em>\u201e\u017bycia nie mo\u017cna wybra\u0107, ale mo\u017cna co\u015b z niego zrobi\u0107.\u201d<\/em> (Peter Lippert)<\/p>\n\n\n\n<p style=\"font-size:17px\"><em>\u201eLepiej chyba p\u00f3j\u015b\u0107 cho\u0107by kawa\u0142ek dobr\u0105 drog\u0105, ni\u017c zaj\u015b\u0107 daleko, lecz \u017ale<\/em>.\u201d (Platon)<\/p>\n\n\n\n<p style=\"font-size:17px\"><em>\u201e\u017bycie jest zbyt<\/em> kr\u00f3tkie, by marnowa\u0107 je spe\u0142niaj\u0105c marzenia innych ludzi.\u201d (Oscar Wilde)<\/p>\n\n\n\n<p style=\"font-size:17px\"><em>\u201eJe\u015bli chcesz mie\u0107 szcz\u0119\u015bliwe \u017cycie, skup si\u0119 na celach, nie na tym, czego oczekuj\u0105 od Ciebie ludzie.\u201d<\/em> (Albert Einstein)<\/p>\n\n\n\n<p style=\"font-size:17px\">\u2192 przygotuj prac\u0119 <strong>w j\u0119zyku polskim, angielskim lub niemieckim<\/strong> w dowolnej formie (pami\u0119taj, \u017ce Twoja praca musi by\u0107 oryginalna \u2013 wszelka forma plagiatu dyskwalifikuje prac\u0119)<\/p>\n\n\n\n<p style=\"font-size:17px\">\u2192 u\u017cyj nie wi\u0119cej ni\u017c <strong>250 s\u0142\u00f3w<\/strong><\/p>\n\n\n\n<p style=\"font-size:17px\">\u2192 prze\u015blij <strong>do 14 listopada 2021<\/strong> na adres <strong>amaciaszek@lo5.lublin.eu<\/strong> (w tytule maila podaj imi\u0119, nazwisko i klas\u0119)<\/p>\n\n\n\n<p style=\"font-size:17px\">Og\u0142oszenie wynik\u00f3w 1 grudnia 2021. Dla autor\u00f3w najciekawszych prac przewidziane s\u0105 nagrody \ud83d\ude42<\/p>\n","protected":false},"excerpt":{"rendered":"<p>Z okazji obchod\u00f3w \u015awiatowego Dnia Filozofii w dniu 18 listopada 2021 Szkolny Klub UNESCO og\u0142asza konkurs na literack\u0105 prac\u0119 tw\u00f3rcz\u0105 inspirowan\u0105 motywem \u201edobre \u017cycie\u201d. \u2192 zastan\u00f3w si\u0119, czym dla Ciebie jest dobre \u017cycie \u2013 jako inspiracj\u0119 mo\u017cesz wykorzysta\u0107 poni\u017csze cytaty: \u201e\u017bycia nie mo\u017cna wybra\u0107, ale mo\u017cna co\u015b z niego zrobi\u0107.\u201d (Peter Lippert) \u201eLepiej chyba p\u00f3j\u015b\u0107 [&hellip;]<\/p>\n","protected":false},"author":23,"featured_media":18797,"comment_status":"open","ping_status":"open","sticky":false,"template":"","format":"standard","meta":{"footnotes":""},"categories":[1,135,371,133],"tags":[],"_links":{"self":[{"href":"https:\/\/5lo.lublin.pl\/index.php?rest_route=\/wp\/v2\/posts\/18796"}],"collection":[{"href":"https:\/\/5lo.lublin.pl\/index.php?rest_route=\/wp\/v2\/posts"}],"about":[{"href":"https:\/\/5lo.lublin.pl\/index.php?rest_route=\/wp\/v2\/types\/post"}],"author":[{"embeddable":true,"href":"https:\/\/5lo.lublin.pl\/index.php?rest_route=\/wp\/v2\/users\/23"}],"replies":[{"embeddable":true,"href":"https:\/\/5lo.lublin.pl\/index.php?rest_route=%2Fwp%2Fv2%2Fcomments&post=18796"}],"version-history":[{"count":1,"href":"https:\/\/5lo.lublin.pl\/index.php?rest_route=\/wp\/v2\/posts\/18796\/revisions"}],"predecessor-version":[{"id":18800,"href":"https:\/\/5lo.lublin.pl\/index.php?rest_route=\/wp\/v2\/posts\/18796\/revisions\/18800"}],"wp:featuredmedia":[{"embeddable":true,"href":"https:\/\/5lo.lublin.pl\/index.php?rest_route=\/wp\/v2\/media\/18797"}],"wp:attachment":[{"href":"https:\/\/5lo.lublin.pl\/index.php?rest_route=%2Fwp%2Fv2%2Fmedia&parent=18796"}],"wp:term":[{"taxonomy":"category","embeddable":true,"href":"https:\/\/5lo.lublin.pl\/index.php?rest_route=%2Fwp%2Fv2%2Fcategories&post=18796"},{"taxonomy":"post_tag","embeddable":true,"href":"https:\/\/5lo.lublin.pl\/index.php?rest_route=%2Fwp%2Fv2%2Ftags&post=18796"}],"curies":[{"name":"wp","href":"https:\/\/api.w.org\/{rel}","templated":true}]}}