{"id":18788,"date":"2021-10-18T19:35:59","date_gmt":"2021-10-18T19:35:59","guid":{"rendered":"http:\/\/5lo.lublin.pl\/?p=18788"},"modified":"2021-10-18T19:36:02","modified_gmt":"2021-10-18T19:36:02","slug":"wyroznienia-przyznane-nauczycielom-v-lo-2","status":"publish","type":"post","link":"https:\/\/5lo.lublin.pl\/?p=18788","title":{"rendered":"Wyr\u00f3\u017cnienia przyznane nauczycielom V LO"},"content":{"rendered":"\n<p class=\"has-text-align-center\" style=\"font-size:18px\">W dniu 14 pa\u017adziernika 2021r. odby\u0142o si\u0119 uroczyste wr\u0119czenie przez Zast\u0119pc\u0119 Prezydenta Miasta Lublin, pana Mariusza Banacha oraz Dyrektor Departamentu O\u015bwiaty i Wychowania, pani\u0105 Ew\u0119 Dumkiewicz-Sprawk\u0119 nagr\u00f3d Prezydenta Miasta Lublin z okazji Dnia Edukacji Narodowej.  Nagrod\u0119 za osi\u0105gni\u0119cia w zakresie pracy dydaktycznej, wychowawczej i opieku\u0144czej otrzyma\u0142a pani <strong>Renata Grzegorczyk<\/strong>. <\/p>\n\n\n\n<p class=\"has-text-align-center\" style=\"font-size:18px\"><\/p>\n\n\n\n<figure class=\"wp-block-image size-full\"><img loading=\"lazy\" decoding=\"async\" width=\"1024\" height=\"637\" src=\"https:\/\/5lo.lublin.pl\/wp-content\/uploads\/2021\/10\/img_20211014_184803klOWfqWibGpC785HlXs.jpg\" alt=\"\" class=\"wp-image-18789\"\/><\/figure>\n\n\n\n<p><\/p>\n\n\n\n<p style=\"font-size:18px\">W dniu 15 pa\u017adziernika 2021r. w Lubelskim Urz\u0119dzie Wojew\u00f3dzkim w Lublinie odby\u0142y si\u0119 obchody Dnia Edukacji Narodowej, na kt\u00f3rych odznaczeniami pa\u0144stwowymi i resortowymi oraz nagrodami wyr\u00f3\u017cniono nauczycieli i pracownik\u00f3w o\u015bwiaty. W imieniu Prezydenta RP odznaczenia pa\u0144stwowe wr\u0119czy\u0142 Wojewoda Lubelski Lech Sprawka w asy\u015bcie wicewojewody Roberta Gmitruczuka oraz Lubelskiego Kuratora O\u015bwiaty Teresy Misiuk. <\/p>\n\n\n\n<p style=\"font-size:18px\">Pani <strong>Renata Grzegorczyk<\/strong> zosta\u0142a odznaczona Srebrnym Medalem za D\u0142ugoletni\u0105 S\u0142u\u017cb\u0119.<\/p>\n\n\n\n<div class=\"wp-block-image\"><figure class=\"aligncenter size-full\"><img loading=\"lazy\" decoding=\"async\" width=\"1500\" height=\"1001\" src=\"https:\/\/5lo.lublin.pl\/wp-content\/uploads\/2021\/10\/MG_0801.jpg\" alt=\"\" class=\"wp-image-18790\"\/><\/figure><\/div>\n\n\n\n<p><\/p>\n\n\n\n<p style=\"font-size:18px\">Serdecznie gratulujemy podw\u00f3jnego wyr\u00f3\u017cnienia i \u017cyczymy kolejnych sukces\u00f3w.<\/p>\n\n\n\n<p><\/p>\n\n\n\n<p class=\"has-medium-font-size\">   <\/p>\n","protected":false},"excerpt":{"rendered":"<p>W dniu 14 pa\u017adziernika 2021r. odby\u0142o si\u0119 uroczyste wr\u0119czenie przez Zast\u0119pc\u0119 Prezydenta Miasta Lublin, pana Mariusza Banacha oraz Dyrektor Departamentu O\u015bwiaty i Wychowania, pani\u0105 Ew\u0119 Dumkiewicz-Sprawk\u0119 nagr\u00f3d Prezydenta Miasta Lublin z okazji Dnia Edukacji Narodowej. Nagrod\u0119 za osi\u0105gni\u0119cia w zakresie pracy dydaktycznej, wychowawczej i opieku\u0144czej otrzyma\u0142a pani Renata Grzegorczyk. W dniu 15 pa\u017adziernika 2021r. w [&hellip;]<\/p>\n","protected":false},"author":23,"featured_media":18391,"comment_status":"open","ping_status":"open","sticky":false,"template":"","format":"standard","meta":{"footnotes":""},"categories":[1,134],"tags":[],"_links":{"self":[{"href":"https:\/\/5lo.lublin.pl\/index.php?rest_route=\/wp\/v2\/posts\/18788"}],"collection":[{"href":"https:\/\/5lo.lublin.pl\/index.php?rest_route=\/wp\/v2\/posts"}],"about":[{"href":"https:\/\/5lo.lublin.pl\/index.php?rest_route=\/wp\/v2\/types\/post"}],"author":[{"embeddable":true,"href":"https:\/\/5lo.lublin.pl\/index.php?rest_route=\/wp\/v2\/users\/23"}],"replies":[{"embeddable":true,"href":"https:\/\/5lo.lublin.pl\/index.php?rest_route=%2Fwp%2Fv2%2Fcomments&post=18788"}],"version-history":[{"count":1,"href":"https:\/\/5lo.lublin.pl\/index.php?rest_route=\/wp\/v2\/posts\/18788\/revisions"}],"predecessor-version":[{"id":18791,"href":"https:\/\/5lo.lublin.pl\/index.php?rest_route=\/wp\/v2\/posts\/18788\/revisions\/18791"}],"wp:featuredmedia":[{"embeddable":true,"href":"https:\/\/5lo.lublin.pl\/index.php?rest_route=\/wp\/v2\/media\/18391"}],"wp:attachment":[{"href":"https:\/\/5lo.lublin.pl\/index.php?rest_route=%2Fwp%2Fv2%2Fmedia&parent=18788"}],"wp:term":[{"taxonomy":"category","embeddable":true,"href":"https:\/\/5lo.lublin.pl\/index.php?rest_route=%2Fwp%2Fv2%2Fcategories&post=18788"},{"taxonomy":"post_tag","embeddable":true,"href":"https:\/\/5lo.lublin.pl\/index.php?rest_route=%2Fwp%2Fv2%2Ftags&post=18788"}],"curies":[{"name":"wp","href":"https:\/\/api.w.org\/{rel}","templated":true}]}}