{"id":18693,"date":"2021-10-03T16:45:02","date_gmt":"2021-10-03T16:45:02","guid":{"rendered":"http:\/\/5lo.lublin.pl\/?p=18693"},"modified":"2021-10-03T17:01:54","modified_gmt":"2021-10-03T17:01:54","slug":"spotkania-z-literatura","status":"publish","type":"post","link":"https:\/\/5lo.lublin.pl\/?p=18693","title":{"rendered":"\u201eSpotkania z literatur\u0105\u201d"},"content":{"rendered":"\n<p>\u00a0\u00a0\u00a0 W dniach <strong>15, 16 i 28 wrze\u015bnia 2021r<\/strong>.\u00a0 zosta\u0142 zrealizowany w V liceum Og\u00f3lnokszta\u0142c\u0105cym\u00a0 szkolny projekt zatytu\u0142owany \u201eSpotkania z literatur\u0105\u201d. M\u0142odzie\u017c <br \/>z klas 1-3 o profilu humanistycznym\u00a0 wzi\u0119\u0142a udzia\u0142 w warsztatach prowadzonych przez lubelskich tw\u00f3rc\u00f3w literatury zrzeszonych w Zwi\u0105zku Literat\u00f3w Polskich Oddzia\u0142 w Lublinie.<\/p>\n\n\n\n<p>&nbsp;&nbsp;&nbsp; Zaj\u0119cia z poezji, felietonu i eseju da\u0142y mo\u017cliwo\u015b\u0107 do poszerzenia wiedzy ale przede wszystkim spotka\u0144 z ciekawymi tw\u00f3rcami lubelskiej spo\u0142eczno\u015bci literackiej.<\/p>\n\n\n\n<p>M\u0142odzie\u017c mia\u0142a okazj\u0119 nie tylko pos\u0142ucha\u0107 wyk\u0142ad\u00f3w dotycz\u0105cych literatury, lecz pozna\u0107 najstarsze pokolenie, kt\u00f3re mia\u0142o olbrzymi wk\u0142ad w kszta\u0142towanie wsp\u00f3\u0142czesnej sceny literackiej. To ciekawe do\u015bwiadczenie dla ludzi poszukuj\u0105cych autorytet\u00f3w, wra\u017cliwych na pi\u0119kno s\u0142owa i otwartych na wiedz\u0119 o ksi\u0105\u017ckach.<\/p>\n\n\n\n<p>Bardzo dzi\u0119kujemy\u00a0 za pomoc w organizacji projektu: p.<strong> Beacie Jezierskiej<\/strong> dyrektorce V Liceum Og\u00f3lnokszta\u0142c\u0105cego im. Marii Sk\u0142odowskiej Curie w Lublinie<br \/> i p. <strong>Agnieszce Polak<\/strong> prezesce Oddzia\u0142u Lubelskiego Zwi\u0105zku Literat\u00f3w Polskich \u00a0w Lublinie, prelegentom: p. Urszuli Gierszon, p. Tadeuszowi Karabowiczowi,<br \/> p. Waldemarowi Michalskiemu\u00a0 a tak\u017ce nauczycielkom polonistkom p. Marzenie Drozd wicedyrektor V LO, p. Annie Lipczy\u0144skiej- Tymczynie i p. Renacie Sugier\u00a0 uczestnicz\u0105cym w warsztatach wraz z m\u0142odzie\u017c\u0105 .<\/p>\n\n\n\n<p>&nbsp;&nbsp;&nbsp;&nbsp;&nbsp;&nbsp;&nbsp;&nbsp;&nbsp;&nbsp;&nbsp;&nbsp;&nbsp;&nbsp;&nbsp;&nbsp;&nbsp;&nbsp;&nbsp;&nbsp;&nbsp;&nbsp;&nbsp;&nbsp;&nbsp;&nbsp;&nbsp;&nbsp;&nbsp;&nbsp;&nbsp;&nbsp;&nbsp;&nbsp;&nbsp;&nbsp;&nbsp;&nbsp;&nbsp;&nbsp;&nbsp;&nbsp;&nbsp;&nbsp;&nbsp;&nbsp;&nbsp;&nbsp;&nbsp;&nbsp;&nbsp;&nbsp;&nbsp;&nbsp;&nbsp;&nbsp;&nbsp;&nbsp;&nbsp;&nbsp;&nbsp;&nbsp;&nbsp;&nbsp;&nbsp;&nbsp;&nbsp;&nbsp;&nbsp;&nbsp;&nbsp;&nbsp;&nbsp;&nbsp;&nbsp;&nbsp;&nbsp;&nbsp;&nbsp;&nbsp;&nbsp;&nbsp;&nbsp;&nbsp;&nbsp;&nbsp;&nbsp;&nbsp;&nbsp;&nbsp;&nbsp;&nbsp;&nbsp;&nbsp;&nbsp;&nbsp; Koordynatorka projektu<\/p>\n\n\n\n<p>&nbsp;&nbsp;&nbsp;&nbsp;&nbsp;&nbsp;&nbsp;&nbsp;&nbsp;&nbsp;&nbsp;&nbsp;&nbsp;&nbsp;&nbsp;&nbsp;&nbsp;&nbsp;&nbsp;&nbsp;&nbsp;&nbsp;&nbsp;&nbsp;&nbsp;&nbsp;&nbsp;&nbsp;&nbsp;&nbsp;&nbsp;&nbsp;&nbsp;&nbsp;&nbsp;&nbsp;&nbsp;&nbsp;&nbsp;&nbsp;&nbsp;&nbsp;&nbsp;&nbsp;&nbsp;&nbsp;&nbsp;&nbsp;&nbsp;&nbsp;&nbsp;&nbsp;&nbsp;&nbsp;&nbsp;&nbsp;&nbsp;&nbsp;&nbsp;&nbsp;&nbsp;&nbsp;&nbsp;&nbsp;&nbsp;&nbsp;&nbsp;&nbsp;&nbsp;&nbsp;&nbsp;&nbsp;&nbsp;&nbsp;&nbsp;&nbsp;&nbsp;&nbsp;&nbsp;&nbsp;&nbsp;&nbsp;&nbsp;&nbsp;&nbsp;&nbsp;&nbsp;&nbsp;&nbsp;&nbsp;&nbsp;&nbsp;&nbsp;&nbsp; &nbsp;&nbsp;&nbsp;Magdalena Kobyli\u0144ska<\/p>\n\n\n\n<p>Uczestnicy spotka\u0144:<\/p>\n\n\n\n<p class=\"has-text-align-center\">&nbsp;&nbsp;&nbsp;&nbsp;&nbsp;&nbsp;&nbsp;&nbsp;&nbsp;&nbsp;&nbsp;&nbsp;&nbsp;&nbsp;&nbsp;&nbsp;&nbsp;&nbsp;&nbsp;&nbsp;&nbsp;&nbsp;&nbsp;&nbsp;&nbsp;&nbsp;&nbsp;&nbsp;&nbsp;&nbsp; Z <strong>p. Urszul\u0105 Gierszon<\/strong> (absolwentk\u0105 V LO w Lublinie)<\/p>\n\n\n\n<p class=\"has-text-align-center\">Klasa 3E \u2013 <strong>p. prof. Marzena Drozd<\/strong><\/p>\n\n\n\n<p class=\"has-text-align-center\">Z <strong>p. Tadeuszem Karabowiczem<\/strong><\/p>\n\n\n\n<p class=\"has-text-align-center\">Klasa 3K- <strong>p. prof. Renata Sugier<\/strong><\/p>\n\n\n\n<p class=\"has-text-align-center\">Z <strong>p. Waldemarem Michalskim<\/strong><\/p>\n\n\n\n<p class=\"has-text-align-center\">&nbsp;&nbsp;&nbsp;&nbsp;&nbsp;&nbsp;&nbsp;&nbsp;&nbsp;&nbsp;&nbsp;&nbsp;&nbsp;&nbsp;&nbsp;&nbsp;&nbsp;&nbsp;&nbsp;&nbsp;&nbsp;&nbsp;&nbsp;&nbsp;&nbsp;&nbsp; Klasa 2G- <strong>p. prof. Anna Lipczy\u0144ska- Tymczyna<\/strong><\/p>\n\n\n\n<p class=\"has-text-align-center\">&nbsp;&nbsp;&nbsp;&nbsp;&nbsp;&nbsp;&nbsp;&nbsp;&nbsp;&nbsp;&nbsp;&nbsp;&nbsp;&nbsp;&nbsp;&nbsp;&nbsp; Klasa 1G &#8211;<strong>p. prof. Magdalena Kobyli\u0144ska<\/strong><\/p>\n\n\n\n<p class=\"has-text-align-center\"><strong>O go\u015bciach \u201e Spotka\u0144 z literatur\u0105\u201d<\/strong><\/p>\n\n\n\n<p><strong>Urszula Gierszon<\/strong><\/p>\n\n\n\n<p>Poetka, prozaiczka, eseistka, krytyk literacki, od urodzenia mieszka w Lublinie. Uko\u0144czy\u0142a Informacj\u0119 Naukow\u0105 i Bibliotekoznawstwo na Uniwersytecie Warszawskim. Debiut poetycki <em>Kamena<\/em> w 1980 r. Od 1994r. nale\u017cy do Oddzia\u0142u ZLP, kt\u00f3rego prezesem by\u0142a w latach 2007-2011. Opublikowa\u0142a 9 tomik\u00f3w poezji m. in: <em>Adagio<\/em> (2002), <em>Ziarno ruty rzucam w ogie\u0144 <\/em>(2005)<\/p>\n\n\n\n<p><em>Przymierzalnia<\/em> (2014), zbi\u00f3r <em>Bramy Lublina i inne opowiadania<\/em> (2015), opracowa\u0142a dwa almanachy poetyckie: <em>S\u0142owo w milczeniu dojrzewa<\/em> (1999) i <em>Tak bardzo Go nie ma<\/em> (20008) oraz antologi\u0119 wierszy bo\u017conarodzeniowych <em>W\u015br\u00f3d lubelskiej Cichej Nocy<\/em> (2014). Autorka ksi\u0105\u017cki <em>Piotr Mordel- portret panegiryczny, niemal dworski, ciut liryczny<\/em>; szkicu monograficznego <em>Henryk W\u00f3jcik cz\u0142owiek, kt\u00f3ry kocha pi\u0119knodruki<\/em> (2018) oraz dw\u00f3ch monografii <em>Konrad Bielski 1902-1970. \u017bycie i tw\u00f3rczo\u015b\u0107<\/em> (2017) i <em>Leon Ulrich 1811-1855. Poeta i patriota<\/em> ( 2019, wsp\u00f3\u0142autorka M. A. Ciosmak). Zajmuje si\u0119 tak\u017ce grafik\u0105 i malarstwem. Odznaczona zosta\u0142a Z\u0142otym Krzy\u017cem Zas\u0142ugi (2002), odznak\u0105 Zas\u0142u\u017cony dla Kultury Polskiej (2012).<\/p>\n\n\n\n<p><strong>Tadeusz Karabowicz<\/strong><\/p>\n\n\n\n<p>(Tadej Karabowicz) urodzony&nbsp; w 1959 r. w Sawinie w woj. Lubelskim. Poeta, t\u0142umacz, krytyk literacki, historyk literatury oraz literaturoznawca. Od 1990 r. sekretarz Towarzystwa Mi\u0142o\u015bnik\u00f3w Skansenu Kultury Materialnej Che\u0142mszczyzny i Podlasia w Holi. Nale\u017cy do Lubelskiego Oddzia\u0142u ZLP oraz Narodowego Zwi\u0105zku Pisarzy Ukrainy. Honorowy cz\u0142onek Klubu Integracji Tw\u00f3rczej <em>Stowarzyszenie \u017bywych Poet\u00f3w<\/em> (Brzeg), cz\u0142onek Komisji Polsko- Ukrai\u0144skich Zwi\u0105zk\u00f3w Kulturowych PAN Oddzia\u0142 w Lublinie.<\/p>\n\n\n\n<p>Autor tomik\u00f3w wierszy: <em>Zapatrzenia<\/em> ( 1985), <em>Wilgotno\u015b\u0107 semi<\/em> (1986), <em>Atlantyda<\/em> (1989<em>), Obok ognia <\/em>(1990), <em>Wo\u0142am ci\u0119 jak jask\u00f3\u0142k\u0119<\/em> (1991), <em>Atlantyd<\/em>a (1993 drugie wydanie), <em>W przestworzu niebo czarne<\/em> (1995), <em>Kt\u00f3ry stoj\u0119 za \u015bcian\u0105 wspomnie\u0144 <\/em>(1997), <em>Powr\u00f3t <\/em>(1998<em>), Dwa listy do nocy<\/em> (1999), <em>Wiersze wybrane<\/em> (2001), <em>Ju\u017c dzie\u0144 si\u0119 nachyli\u0142 do czterech kra\u0144c\u00f3w \u015bwiata <\/em>(2004), <em>D\u0142uga roz\u0142\u0105ka<\/em> (2006), <em>Ju\u017c wiecz\u00f3r<\/em> (2009), <em>Zapomnienie<\/em> (2011), <em>\u0141uhyny<\/em> (2019). Autor oko\u0142o stu artyku\u0142\u00f3w naukowych w wydawnictwach polskich i ukrai\u0144skich.<\/p>\n\n\n\n<p><strong>Waldemar Michalski<\/strong><\/p>\n\n\n\n<p>Urodzony w 1938r. we W\u0142odzimierzu Wo\u0142y\u0144skim. Jest absolwentem studi\u00f3w polonistycznych KUL (1963).<\/p>\n\n\n\n<p>Debiutowa\u0142 w 1957r. jako publicysta w <em>Tygodniku Spo\u0142eczno- Kulturalnym Katolik\u00f3w <\/em>cyklem reporta\u017cy z podr\u00f3\u017cy do Lwowa i na Wo\u0142y\u0144 ( Lublin 1957 nr 36, 41, 42, 43). Jako poeta zadebiutowa\u0142 wierszem zamieszczonym w <em>Biuletynie M\u0142odego Tw\u00f3rcy<\/em> ( Lublin 1960 nr1), Jest autorem 11 tomik\u00f3w wierszy, 5 tomik\u00f3w szkic\u00f3w literackich i kilku antologii poetyckich (m. in. <em>Pi\u0119\u0107 wiek\u00f3w poezji o Lublinie<\/em>).<\/p>\n\n\n\n<p>W latach 1962-1985 by\u0142 kustoszem Biblioteki Uniwersyteckiej KUL. Od 1978r jest cz\u0142onkiem ZLP. Od 1985r. nale\u017cy do zespo\u0142u redakcyjnego kwartalnika \u201eAkcent\u201d. Za prac\u0119 literack\u0105\u00a0i spo\u0142eczn\u0105 otrzyma\u0142 m. in. Nagrod\u0119 im . J\u00f3zefa Czechowicza (1974 i 1992), Nagrod\u0119 G\u0142\u00f3wn\u0105 w Konkursie im. J\u00f3zefa \u0141obodowskiego (1999), Nagrod\u0119 im Witolda Hulewicza (2006), Zloty Wawrzyn za ca\u0142okszta\u0142t tw\u00f3rczo\u015bci (2012), Lubelsk\u0105 nagrod\u0119 ANGELUS za animacj\u0119 \u017cycia kulturalnego (2018), Nagrod\u0119 Kulturalna Wojew\u00f3dztwa Lubelskiego (2017), Nagrod\u0119 im. Juliusza S\u0142owackiego (2018) oraz Nagrod\u0119 Miasta Lublin za ca\u0142okszta\u0142t dzia\u0142alno\u015bci (2018), Nagrod\u0119 III Mi\u0119dzynarodowego Tr\u00f3jstyku Literackiego we W\u0142odawie za ca\u0142okszta\u0142t pracy tw\u00f3rczej, wydawniczej i dziennikarskiej (2019).<\/p>\n\n\n\n<p>Biogramy zacytowano za : <em>100 lat Zwi\u0105zku Literat\u00f3w Polskich, Z nurtem s\u0142owa\u2026Antologia poetycka Oddzia\u0142u Lubelskiego ZLP<\/em>, pod red. A. M. Polak, Lublin 2021.<\/p>\n\n\n\n<p><strong>Refleksje uczni\u00f3w<\/strong><\/p>\n\n\n\n<p>\u201ePo spotkaniu z poet\u0105 zrozumia\u0142am, \u017ce w poezj\u0119 mo\u017cna zamieni\u0107 wszystko, co nas otacza.\u201d<\/p>\n\n\n\n<p>\u201e Zaintrygowa\u0142o mnie to, \u017ce cz\u0142owiek, kt\u00f3ry ma tyle lat ma tak m\u0142od\u0105 dusz\u0119.\u201d<\/p>\n\n\n\n<p>\u201dNiew\u0105tpliwie nasz go\u015b\u0107 wspaniale przedstawi\u0142 autor\u00f3w pochodz\u0105cych z Lubelszczyzny. Udowodni\u0142, \u017ce nasz region ma si\u0119 czym pochwali\u0107 na polskiej scenie literackiej.\u201d<\/p>\n\n\n\n<p>\u201ePo spotkaniu z Panem Waldemarem Michalskim zrozumia\u0142em, \u017ce ka\u017cdy z nas mo\u017ce zosta\u0107 poet\u0105.\u201d<\/p>\n\n\n\n<p>\u201ePan Michalski to wyj\u0105tkowa osoba, kt\u00f3ra umie zach\u0119ci\u0107 do literatury, poniewa\u017c kocha j\u0105 i chce to zami\u0142owanie przekaza\u0107 innym.\u201d<\/p>\n\n\n\n<p>\u201ePo spotkaniu z poet\u0105 zapragn\u0119\u0142am pisa\u0107 wiersze, przelewa\u0107 na papier codzienno\u015b\u0107 ale robi\u0107 to w niecodzienny spos\u00f3b, tak jak robi\u0142 to nasz go\u015b\u0107. Ten niepozorny starszy pan mia\u0142 w sobie wra\u017cliwo\u015b\u0107 dziecka i cieszy\u0142 si\u0119 \u017cyciem bardziej\u00a0 ni\u017c niejeden m\u0142odzieniec . M\u00f3wi\u0142 pi\u0119knie o poezji, tak, jakby p\u0142yn\u0119\u0142a w jego \u017cy\u0142ach, jak gdyby by\u0142a czym\u015b naturalnym i prozaicznym, a jednocze\u015bnie magicznym i wyj\u0105tkowym. Pami\u0119tam, \u017ce gdy czyta\u0142 jeden z wierszy przeszed\u0142 mnie dreszcz, w oku zakr\u0119ci\u0142a si\u0119 \u0142za a do g\u0142owy nap\u0142yn\u0119\u0142y refleksje. Czy nie tym powinna by\u0107 poezja? Czym\u015b , co wzbudza w nas emocje i zmusza do przemy\u015ble\u0144?\u201d<\/p>\n\n\n\n<p>Refleksje: Po spotkaniu z poet\u0105\u2026. Klasy 1G<\/p>\n\n\n\n<div class=\"wp-block-image\"><figure class=\"aligncenter size-full\"><img loading=\"lazy\" decoding=\"async\" width=\"609\" height=\"458\" src=\"https:\/\/5lo.lublin.pl\/wp-content\/uploads\/2021\/10\/image-1.png\" alt=\"\" class=\"wp-image-18694\"\/><\/figure><\/div>\n\n\n\n<div class=\"wp-block-image\"><figure class=\"aligncenter size-full\"><img loading=\"lazy\" decoding=\"async\" width=\"609\" height=\"811\" src=\"https:\/\/5lo.lublin.pl\/wp-content\/uploads\/2021\/10\/image-2.png\" alt=\"\" class=\"wp-image-18695\"\/><\/figure><\/div>\n\n\n\n<div class=\"wp-block-image\"><figure class=\"aligncenter size-full\"><img loading=\"lazy\" decoding=\"async\" width=\"609\" height=\"458\" src=\"https:\/\/5lo.lublin.pl\/wp-content\/uploads\/2021\/10\/image-3.png\" alt=\"\" class=\"wp-image-18696\"\/><\/figure><\/div>\n\n\n\n<p>Klasa 2g poni\u017cej<\/p>\n\n\n\n<p>16.09 .2021r.<\/p>\n\n\n\n<p>Warsztaty z p. Waldemarem Michalskim<\/p>\n\n\n\n<div class=\"wp-block-image\"><figure class=\"aligncenter size-full\"><img loading=\"lazy\" decoding=\"async\" width=\"484\" height=\"644\" src=\"https:\/\/5lo.lublin.pl\/wp-content\/uploads\/2021\/10\/image-4.png\" alt=\"\" class=\"wp-image-18697\"\/><\/figure><\/div>\n\n\n\n<div class=\"wp-block-image\"><figure class=\"aligncenter size-full\"><img loading=\"lazy\" decoding=\"async\" width=\"484\" height=\"644\" src=\"https:\/\/5lo.lublin.pl\/wp-content\/uploads\/2021\/10\/image-5.png\" alt=\"\" class=\"wp-image-18698\"\/><\/figure><\/div>\n\n\n\n<div class=\"wp-block-image\"><figure class=\"aligncenter size-full\"><img loading=\"lazy\" decoding=\"async\" width=\"609\" height=\"458\" src=\"https:\/\/5lo.lublin.pl\/wp-content\/uploads\/2021\/10\/image-6.png\" alt=\"\" class=\"wp-image-18699\"\/><\/figure><\/div>\n\n\n\n<p>Klasa 3K poni\u017cej<\/p>\n\n\n\n<p>28.09. 2021r.<\/p>\n\n\n\n<p>Warsztaty z p. Tadeuszem Karabowiczem<\/p>\n\n\n\n<div class=\"wp-block-image\"><figure class=\"aligncenter size-full\"><img loading=\"lazy\" decoding=\"async\" width=\"609\" height=\"458\" src=\"https:\/\/5lo.lublin.pl\/wp-content\/uploads\/2021\/10\/image-7.png\" alt=\"\" class=\"wp-image-18700\"\/><\/figure><\/div>\n\n\n\n<div class=\"wp-block-image\"><figure class=\"aligncenter size-full\"><img loading=\"lazy\" decoding=\"async\" width=\"609\" height=\"458\" src=\"https:\/\/5lo.lublin.pl\/wp-content\/uploads\/2021\/10\/image-8.png\" alt=\"\" class=\"wp-image-18701\"\/><\/figure><\/div>\n\n\n\n<div class=\"wp-block-image\"><figure class=\"aligncenter size-full\"><img loading=\"lazy\" decoding=\"async\" width=\"609\" height=\"458\" src=\"https:\/\/5lo.lublin.pl\/wp-content\/uploads\/2021\/10\/image-9.png\" alt=\"\" class=\"wp-image-18702\"\/><\/figure><\/div>\n\n\n\n<p>Klasa 3E poni\u017cej<\/p>\n\n\n\n<p>28.09.2021r.<\/p>\n\n\n\n<p>Warsztaty z p. Urszul\u0105 Gierszon<\/p>\n\n\n\n<div class=\"wp-block-image\"><figure class=\"aligncenter size-full is-resized\"><img loading=\"lazy\" decoding=\"async\" src=\"https:\/\/5lo.lublin.pl\/wp-content\/uploads\/2021\/10\/image-10.png\" alt=\"\" class=\"wp-image-18703\" width=\"620\" height=\"1235\"\/><\/figure><\/div>\n","protected":false},"excerpt":{"rendered":"<p>\u00a0\u00a0\u00a0 W dniach 15, 16 i 28 wrze\u015bnia 2021r.\u00a0 zosta\u0142 zrealizowany w V liceum Og\u00f3lnokszta\u0142c\u0105cym\u00a0 szkolny projekt zatytu\u0142owany \u201eSpotkania z literatur\u0105\u201d. M\u0142odzie\u017c z klas 1-3 o profilu humanistycznym\u00a0 wzi\u0119\u0142a udzia\u0142 w warsztatach prowadzonych przez lubelskich tw\u00f3rc\u00f3w literatury zrzeszonych w Zwi\u0105zku Literat\u00f3w Polskich Oddzia\u0142 w Lublinie. &nbsp;&nbsp;&nbsp; Zaj\u0119cia z poezji, felietonu i eseju da\u0142y mo\u017cliwo\u015b\u0107 do [&hellip;]<\/p>\n","protected":false},"author":29,"featured_media":18696,"comment_status":"open","ping_status":"open","sticky":false,"template":"","format":"standard","meta":{"footnotes":""},"categories":[1],"tags":[],"_links":{"self":[{"href":"https:\/\/5lo.lublin.pl\/index.php?rest_route=\/wp\/v2\/posts\/18693"}],"collection":[{"href":"https:\/\/5lo.lublin.pl\/index.php?rest_route=\/wp\/v2\/posts"}],"about":[{"href":"https:\/\/5lo.lublin.pl\/index.php?rest_route=\/wp\/v2\/types\/post"}],"author":[{"embeddable":true,"href":"https:\/\/5lo.lublin.pl\/index.php?rest_route=\/wp\/v2\/users\/29"}],"replies":[{"embeddable":true,"href":"https:\/\/5lo.lublin.pl\/index.php?rest_route=%2Fwp%2Fv2%2Fcomments&post=18693"}],"version-history":[{"count":1,"href":"https:\/\/5lo.lublin.pl\/index.php?rest_route=\/wp\/v2\/posts\/18693\/revisions"}],"predecessor-version":[{"id":18712,"href":"https:\/\/5lo.lublin.pl\/index.php?rest_route=\/wp\/v2\/posts\/18693\/revisions\/18712"}],"wp:featuredmedia":[{"embeddable":true,"href":"https:\/\/5lo.lublin.pl\/index.php?rest_route=\/wp\/v2\/media\/18696"}],"wp:attachment":[{"href":"https:\/\/5lo.lublin.pl\/index.php?rest_route=%2Fwp%2Fv2%2Fmedia&parent=18693"}],"wp:term":[{"taxonomy":"category","embeddable":true,"href":"https:\/\/5lo.lublin.pl\/index.php?rest_route=%2Fwp%2Fv2%2Fcategories&post=18693"},{"taxonomy":"post_tag","embeddable":true,"href":"https:\/\/5lo.lublin.pl\/index.php?rest_route=%2Fwp%2Fv2%2Ftags&post=18693"}],"curies":[{"name":"wp","href":"https:\/\/api.w.org\/{rel}","templated":true}]}}