{"id":18687,"date":"2021-10-03T16:33:55","date_gmt":"2021-10-03T16:33:55","guid":{"rendered":"http:\/\/5lo.lublin.pl\/?p=18687"},"modified":"2021-10-03T16:35:07","modified_gmt":"2021-10-03T16:35:07","slug":"festiwal-reportaz%cc%87u","status":"publish","type":"post","link":"https:\/\/5lo.lublin.pl\/?p=18687","title":{"rendered":"Festiwal reportaz\u0307u"},"content":{"rendered":"\n<figure class=\"wp-block-image size-full\"><img loading=\"lazy\" decoding=\"async\" width=\"2736\" height=\"3648\" src=\"https:\/\/5lo.lublin.pl\/wp-content\/uploads\/2021\/10\/IMG_20211001_212514.jpg\" alt=\"\" class=\"wp-image-18689\"\/><\/figure>\n\n\n\n<p>We wtorek 28 wrze\u015bnia 2021 roku m\u0142odzie\u017c z klasy 3G wraz z p. Martyn\u0105 Sadursk\u0105 uda\u0142a si\u0119 do siedziby Radia Lublin w celu uczestniczenia w warsztatach dla szk\u00f3\u0142 ponadpodstawowych \u201eReporta\u017c Master Class\u201d. Inspiruj\u0105ce spotkanie z Katarzyn\u0105 Kobylarczyk \u2013 reporterk\u0105, dziennikark\u0105, a tak\u017ce autork\u0105 ksi\u0105\u017cek o Hiszpanii \u2013 odby\u0142o si\u0119 w ramach VI edycji Festiwalu Reporta\u017cu. Wizyta w Studiu im. Budki Suflera by\u0142a ciekawym do\u015bwiadczeniem, podczas kt\u00f3rego m\u0142odzie\u017c pozna\u0142a sekrety pracy dziennikarza, a tak\u017ce na chwil\u0119 wcieli\u0142a si\u0119 w jego rol\u0119. M\u0142odym dziennikarzom uda\u0142o si\u0119 zebra\u0107 kilkana\u015bcie historii o wyj\u0105tkowych parach but\u00f3w. Docieranie do informacji okaza\u0142o si\u0119 nie\u0142atwym zadaniem, a uczniowie musieli wykaza\u0107 si\u0119 niezwyk\u0142\u0105 kreatywno\u015bci\u0105. Poni\u017cej kr\u00f3tka fotorelacja z wydarzenia.<\/p>\n\n\n\n<p>Martyna Sadurska<\/p>\n\n\n\n<figure class=\"wp-block-image size-full\"><img loading=\"lazy\" decoding=\"async\" width=\"4608\" height=\"3456\" src=\"https:\/\/5lo.lublin.pl\/wp-content\/uploads\/2021\/10\/IMG_20210928_085446.jpg\" alt=\"\" class=\"wp-image-18690\"\/><\/figure>\n\n\n\n<figure class=\"wp-block-image size-full\"><img loading=\"lazy\" decoding=\"async\" width=\"4608\" height=\"3456\" src=\"https:\/\/5lo.lublin.pl\/wp-content\/uploads\/2021\/10\/IMG_20210928_094227.jpg\" alt=\"\" class=\"wp-image-18691\"\/><\/figure>\n","protected":false},"excerpt":{"rendered":"<p>We wtorek 28 wrze\u015bnia 2021 roku m\u0142odzie\u017c z klasy 3G wraz z p. Martyn\u0105 Sadursk\u0105 uda\u0142a si\u0119 do siedziby Radia Lublin w celu uczestniczenia w warsztatach dla szk\u00f3\u0142 ponadpodstawowych \u201eReporta\u017c Master Class\u201d. Inspiruj\u0105ce spotkanie z Katarzyn\u0105 Kobylarczyk \u2013 reporterk\u0105, dziennikark\u0105, a tak\u017ce autork\u0105 ksi\u0105\u017cek o Hiszpanii \u2013 odby\u0142o si\u0119 w ramach VI edycji Festiwalu Reporta\u017cu. [&hellip;]<\/p>\n","protected":false},"author":29,"featured_media":18689,"comment_status":"open","ping_status":"open","sticky":false,"template":"","format":"standard","meta":{"footnotes":""},"categories":[1],"tags":[],"_links":{"self":[{"href":"https:\/\/5lo.lublin.pl\/index.php?rest_route=\/wp\/v2\/posts\/18687"}],"collection":[{"href":"https:\/\/5lo.lublin.pl\/index.php?rest_route=\/wp\/v2\/posts"}],"about":[{"href":"https:\/\/5lo.lublin.pl\/index.php?rest_route=\/wp\/v2\/types\/post"}],"author":[{"embeddable":true,"href":"https:\/\/5lo.lublin.pl\/index.php?rest_route=\/wp\/v2\/users\/29"}],"replies":[{"embeddable":true,"href":"https:\/\/5lo.lublin.pl\/index.php?rest_route=%2Fwp%2Fv2%2Fcomments&post=18687"}],"version-history":[{"count":1,"href":"https:\/\/5lo.lublin.pl\/index.php?rest_route=\/wp\/v2\/posts\/18687\/revisions"}],"predecessor-version":[{"id":18692,"href":"https:\/\/5lo.lublin.pl\/index.php?rest_route=\/wp\/v2\/posts\/18687\/revisions\/18692"}],"wp:featuredmedia":[{"embeddable":true,"href":"https:\/\/5lo.lublin.pl\/index.php?rest_route=\/wp\/v2\/media\/18689"}],"wp:attachment":[{"href":"https:\/\/5lo.lublin.pl\/index.php?rest_route=%2Fwp%2Fv2%2Fmedia&parent=18687"}],"wp:term":[{"taxonomy":"category","embeddable":true,"href":"https:\/\/5lo.lublin.pl\/index.php?rest_route=%2Fwp%2Fv2%2Fcategories&post=18687"},{"taxonomy":"post_tag","embeddable":true,"href":"https:\/\/5lo.lublin.pl\/index.php?rest_route=%2Fwp%2Fv2%2Ftags&post=18687"}],"curies":[{"name":"wp","href":"https:\/\/api.w.org\/{rel}","templated":true}]}}