{"id":18589,"date":"2021-09-04T14:17:14","date_gmt":"2021-09-04T14:17:14","guid":{"rendered":"http:\/\/5lo.lublin.pl\/?p=18589"},"modified":"2021-09-04T14:17:17","modified_gmt":"2021-09-04T14:17:17","slug":"200%e2%80%91lecie-urodzin-c-k-norwida","status":"publish","type":"post","link":"https:\/\/5lo.lublin.pl\/?p=18589","title":{"rendered":"200\u2011lecie urodzin C.K. Norwida"},"content":{"rendered":"\n<p><\/p>\n\n\n\n<p style=\"font-size:17px\">Pani <strong>Renata Sugier<\/strong> nauczycielka j\u0119zyka polskiego V Liceum Og\u00f3lnokszta\u0142c\u0105cego im Marii Sk\u0142odowskiej-Curie w Lublinie opracowa\u0142a dwa scenariusze lekcji z\u00a0okazji przypadaj\u0105cych w\u00a0roku 2021 obchod\u00f3w 200\u2011lecia urodzin C.K. Norwida oraz og\u0142oszenia tego roku przez Sejm Rzeczypospolitej Polskiej Rokiem Cypriana Kamila Norwida:<\/p>\n\n\n\n<ol style=\"font-size:17px\"><li>Dlaczego warto poznawa\u0107 przesz\u0142o\u015b\u0107? Los ludzi wielkich w poezji Cypriana Kamila Norwida.<\/li><li>Obraz Ojczyzny w wierszu C.K. Norwida \u201eMoja piosnka (II)\u201d<\/li><\/ol>\n\n\n\n<p style=\"font-size:17px\">Scenariusze dost\u0119pne s\u0105 na stronie <a href=\"https:\/\/zpe.gov.pl\/a\/ck-norwid---200-lecie-urodzin-scenariusze-lekcji-dla-szkoly-ponadpodstawowej\/D1V2TIL8J\" target=\"_blank\" rel=\"noreferrer noopener\">Zintegrowanej Platformy Edukacyjnej Ministerstwa Edukacji i Nauki<\/a><\/p>\n\n\n\n<p style=\"font-size:17px\">Serdecznie gratulujemy Pani Profesor publikacji.<\/p>\n\n\n\n<p style=\"font-size:17px\"><\/p>\n\n\n\n<p><\/p>\n","protected":false},"excerpt":{"rendered":"<p>Pani Renata Sugier nauczycielka j\u0119zyka polskiego V Liceum Og\u00f3lnokszta\u0142c\u0105cego im Marii Sk\u0142odowskiej-Curie w Lublinie opracowa\u0142a dwa scenariusze lekcji z\u00a0okazji przypadaj\u0105cych w\u00a0roku 2021 obchod\u00f3w 200\u2011lecia urodzin C.K. Norwida oraz og\u0142oszenia tego roku przez Sejm Rzeczypospolitej Polskiej Rokiem Cypriana Kamila Norwida: Dlaczego warto poznawa\u0107 przesz\u0142o\u015b\u0107? Los ludzi wielkich w poezji Cypriana Kamila Norwida. Obraz Ojczyzny w wierszu [&hellip;]<\/p>\n","protected":false},"author":23,"featured_media":18590,"comment_status":"open","ping_status":"open","sticky":false,"template":"","format":"standard","meta":{"footnotes":""},"categories":[1,134,155],"tags":[],"_links":{"self":[{"href":"https:\/\/5lo.lublin.pl\/index.php?rest_route=\/wp\/v2\/posts\/18589"}],"collection":[{"href":"https:\/\/5lo.lublin.pl\/index.php?rest_route=\/wp\/v2\/posts"}],"about":[{"href":"https:\/\/5lo.lublin.pl\/index.php?rest_route=\/wp\/v2\/types\/post"}],"author":[{"embeddable":true,"href":"https:\/\/5lo.lublin.pl\/index.php?rest_route=\/wp\/v2\/users\/23"}],"replies":[{"embeddable":true,"href":"https:\/\/5lo.lublin.pl\/index.php?rest_route=%2Fwp%2Fv2%2Fcomments&post=18589"}],"version-history":[{"count":1,"href":"https:\/\/5lo.lublin.pl\/index.php?rest_route=\/wp\/v2\/posts\/18589\/revisions"}],"predecessor-version":[{"id":18593,"href":"https:\/\/5lo.lublin.pl\/index.php?rest_route=\/wp\/v2\/posts\/18589\/revisions\/18593"}],"wp:featuredmedia":[{"embeddable":true,"href":"https:\/\/5lo.lublin.pl\/index.php?rest_route=\/wp\/v2\/media\/18590"}],"wp:attachment":[{"href":"https:\/\/5lo.lublin.pl\/index.php?rest_route=%2Fwp%2Fv2%2Fmedia&parent=18589"}],"wp:term":[{"taxonomy":"category","embeddable":true,"href":"https:\/\/5lo.lublin.pl\/index.php?rest_route=%2Fwp%2Fv2%2Fcategories&post=18589"},{"taxonomy":"post_tag","embeddable":true,"href":"https:\/\/5lo.lublin.pl\/index.php?rest_route=%2Fwp%2Fv2%2Ftags&post=18589"}],"curies":[{"name":"wp","href":"https:\/\/api.w.org\/{rel}","templated":true}]}}