{"id":18552,"date":"2021-08-31T17:15:00","date_gmt":"2021-08-31T17:15:00","guid":{"rendered":"http:\/\/5lo.lublin.pl\/?p=18552"},"modified":"2021-09-04T17:15:43","modified_gmt":"2021-09-04T17:15:43","slug":"procedury-dotyczace-organizacji-zajec-w-v-liceum-ogolnoksztalcacym-im-marii-sklodowskiej-curie","status":"publish","type":"post","link":"https:\/\/5lo.lublin.pl\/?p=18552","title":{"rendered":"Procedury dotycz\u0105ce organizacji zaj\u0119\u0107 w V Liceum Og\u00f3lnokszta\u0142c\u0105cym im. Marii Sk\u0142odowskiej- Curie"},"content":{"rendered":"\n<p><strong>Procedury dotycz\u0105ce organizacji zaj\u0119\u0107 w V Liceum Og\u00f3lnokszta\u0142c\u0105cym im. Marii Sk\u0142odowskiej- Curie opracowane na podstawie wytycznych MEiN, MZ i GIS dla szk\u00f3\u0142 podstawowych i ponadpodstawowych. <\/strong><strong>Aktualizacja z 31.08.2021 r.<\/strong>&nbsp;<\/p>\n\n\n\n<p>Og\u00f3lne zasady:&nbsp;&nbsp;<\/p>\n\n\n\n<figure class=\"wp-block-table\"><table><tbody><tr><td>Szczepienie&nbsp;<\/td><td><strong><em>rekomendowane dla pracownik\u00f3w szk\u00f3\u0142 oraz uczni\u00f3w w okre\u015blonych grupach wiekowych.<\/em><\/strong>&nbsp;<\/td><\/tr><tr><td>Dystans&nbsp;<\/td><td>minimalna odleg\u0142o\u015b\u0107 pomi\u0119dzy osobami: 1,5 metra.&nbsp;<\/td><\/tr><tr><td>Dezynfekcja&nbsp;<\/td><td>przed i po zaj\u0119ciach mycie powierzchni detergentem lub dezynfekcja \u015brodkiem dezynfekuj\u0105cym.&nbsp;<\/td><\/tr><tr><td>Higiena&nbsp;<\/td><td>cz\u0119ste mycie r\u0105k (lub dezynfekcja r\u0105k), ochrona podczas kichania i kaszlu, unikanie\u202fdotykania oczu, nosa i ust.&nbsp;<\/td><\/tr><tr><td>Maseczka&nbsp;<\/td><td>w przestrzeniach wsp\u00f3lnych, gdy nie mo\u017cna zachowa\u0107 dystansu pomi\u0119dzy grupami.&nbsp;<\/td><\/tr><tr><td>Wietrzenie&nbsp;<\/td><td>przed, po i w trakcie zaj\u0119\u0107 oraz przerw, a tak\u017ce w dni wolne od zaj\u0119\u0107.&nbsp;<\/td><\/tr><\/tbody><\/table><\/figure>\n\n\n\n<ol><li>Do szko\u0142y&nbsp; ucz\u0119szczaj\u0105 uczniowie bez objaw\u00f3w infekcji lub choroby zaka\u017anej.&nbsp;<\/li><\/ol>\n\n\n\n<ol start=\"2\"><li>Rekomenduje si\u0119 ograniczenie korzystania z transportu publicznego, na rzecz pojazd\u00f3w prywatnych lub przemieszczania si\u0119 pieszo oraz \u015brodkami indywidualnymi z zachowaniem zasad bezpiecze\u0144stwa.&nbsp;<\/li><\/ol>\n\n\n\n<ol start=\"3\"><li>W drodze do i ze szko\u0142y&nbsp; uczniowie przestrzegaj\u0105 aktualnych przepis\u00f3w prawa dotycz\u0105cych zachowania w przestrzeni publicznej, m.in. stosowanie maseczek &nbsp;<br \/>w pomieszczeniach zamkni\u0119tych szko\u0142y lub, gdy nie ma mo\u017cliwo\u015bci zachowania dystansu na terenie szko\u0142y (rekomendowane maseczki chirurgiczne).&nbsp;<\/li><\/ol>\n\n\n\n<ol start=\"4\"><li>Przy wej\u015bciu do budynku szko\u0142y nale\u017cy pami\u0119ta\u0107 o zdezynfekowaniu r\u0105k.&nbsp;<\/li><\/ol>\n\n\n\n<ol start=\"5\"><li>Na teren szko\u0142y mog\u0105 wej\u015b\u0107 wy\u0142\u0105cznie:&nbsp;<\/li><\/ol>\n\n\n\n<ol><li>uczniowie,&nbsp;&nbsp;<\/li><\/ol>\n\n\n\n<ol start=\"2\"><li>pracownicy szko\u0142y,&nbsp;<\/li><\/ol>\n\n\n\n<ol start=\"3\"><li>rodzice i interesanci \u2013 po wcze\u015bniejszym telefonicznym um\u00f3wieniu spotkania.&nbsp;&nbsp;<\/li><\/ol>\n\n\n\n<p>Wszyscy wchodz\u0105cy do budynku maj\u0105 obowi\u0105zek zdezynfekowa\u0107 r\u0119ce &nbsp;<br \/>i na\u0142o\u017cy\u0107 maseczk\u0119.&nbsp;<\/p>\n\n\n\n<ol start=\"6\"><li>Osoby wchodz\u0105ce do budynku szko\u0142y (rodzice, opiekunowie, interesanci) zobowi\u0105zane s\u0105 do stosowania \u015brodk\u00f3w ochronnych, zachowania dystansu od innych os\u00f3b (min. 1,5 metra) oraz przebywania w wyznaczonych obszarach szko\u0142y.&nbsp;<\/li><\/ol>\n\n\n\n<ol start=\"7\"><li>Uczniowie maj\u0105 obowi\u0105zek noszenia&nbsp; maseczek&nbsp; w przestrzeni wsp\u00f3lnej ( na korytarzu szkolnym), gdy nie ma mo\u017cliwo\u015bci zachowania dystansu (rekomendowane maseczki chirurgiczne).&nbsp;<\/li><\/ol>\n\n\n\n<ol start=\"8\"><li>Je\u017celi pracownik szko\u0142y zaobserwuje u ucznia objawy mog\u0105ce wskazywa\u0107 na infekcj\u0119 dr\u00f3g oddechowych (w szczeg\u00f3lno\u015bci temperatura powy\u017cej 38\u00b0C, kaszel, duszno\u015bci), poddaje go izolacji w odr\u0119bnym pomieszczeniu, zapewniaj\u0105c min. &nbsp;<br \/>2 m odleg\u0142o\u015bci od innych os\u00f3b i niezw\u0142ocznie powiadomi\u0105&nbsp; rodzic\u00f3w\/opiekun\u00f3w &nbsp;<br \/>o konieczno\u015bci pilnego odebrania ucznia ze szko\u0142y (rekomendowany w\u0142asny \u015brodek transportu).&nbsp;<\/li><\/ol>\n\n\n\n<ol start=\"9\"><li><strong>Obowi\u0105zuje og\u00f3lna zasada \u2013 uczniowie ka\u017cdego zespo\u0142u klasowego przebywaj\u0105cy w szkole&nbsp; ograniczaj\u0105&nbsp; do minimum&nbsp; kontaktowanie si\u0119 z pozosta\u0142ymi klasami.&nbsp;<\/strong>&nbsp;<\/li><\/ol>\n\n\n\n<ol start=\"10\"><li>Uczniowie (klasa) przebywaj\u0105 w wyznaczonej i sta\u0142ej Sali, zgodnie z tygodniowym planem zaj\u0119\u0107.&nbsp;<\/li><\/ol>\n\n\n\n<ol start=\"11\"><li>Uczniowie ograniczaj\u0105 do minimum poruszanie si\u0119 po szkole (wyj\u0105tek: najbli\u017csze w\u0119z\u0142y sanitarne, sklepik szkolny, biblioteka szkolna), pami\u0119taj\u0105c o stosowaniu \u015brodk\u00f3w ochronnych oraz zachowaniu dystansu.&nbsp;<\/li><\/ol>\n\n\n\n<ol start=\"12\"><li><strong>W salach lekcyjnych<\/strong> podczas zaj\u0119\u0107 nale\u017cy zastosowa\u0107 si\u0119 do zasad:&nbsp;<\/li><\/ol>\n\n\n\n<ul><li>zachowania&nbsp; odleg\u0142o\u015bci mi\u0119dzy stolikiem nauczyciela a \u0142awkami uczni\u00f3w, &nbsp;<br \/>co najmniej 1,5 m,&nbsp;&nbsp;<\/li><li>pozostawiania&nbsp; wolnej \u0142awki w bezpo\u015brednim s\u0105siedztwie stolika nauczyciela,&nbsp;<\/li><\/ul>\n\n\n\n<ul><li>ograniczenia przemieszczania si\u0119 nauczyciela mi\u0119dzy \u0142awkami uczni\u00f3w.&nbsp;<\/li><\/ul>\n\n\n\n<ol start=\"13\"><li><strong>W bibliotece szkolnej<\/strong> (przy zachowaniu zasad: dezynfekcja r\u0105k, za\u0142o\u017ceniu maseczki, zachowaniu odleg\u0142o\u015bci min. 1,5 m) mo\u017ce przebywa\u0107 2 uczni\u00f3w jednocze\u015bnie przy ladzie bibliotecznej, 2 uczni\u00f3w w <strong>czytelni,<\/strong> 2 uczni\u00f3w przy <strong>stanowiskach komputerowych (SCI).<\/strong>&nbsp;<\/li><\/ol>\n\n\n\n<ol start=\"14\"><li>Uczniowie korzystaj\u0105cy z<strong> gabinetu profilaktyki zdrowotnej <\/strong>oraz<strong> gabinetu stomatologicznego <\/strong>maj\u0105 obowi\u0105zek zachowa\u0107 procedury bezpiecze\u0144stwa:&nbsp;<\/li><\/ol>\n\n\n\n<ul><li><strong>&nbsp;<\/strong>wcze\u015bniejsze um\u00f3wienie wizyty (preferowany kontakt telefoniczny)&nbsp;<\/li><li>&nbsp;u\u017cycie \u015brodk\u00f3w ochronnych przed wej\u015bciem do gabinetu (dezynfekcja r\u0105k,&nbsp;<\/li><\/ul>\n\n\n\n<p><strong>&nbsp; <\/strong>maseczka)&nbsp;<\/p>\n\n\n\n<ul><li>&nbsp;zastosowanie si\u0119 do procedur wewn\u0119trznych obowi\u0105zuj\u0105cych w obu gabinetach&nbsp;<\/li><\/ul>\n\n\n\n<ol start=\"15\"><li>&nbsp;Uczniowie korzystaj\u0105cy ze <strong>sklepiku szkolnego <\/strong>podczas zakup\u00f3w maj\u0105 obowi\u0105zek stosowania \u015brodk\u00f3w ochronnych oraz zachowania dystansu&nbsp;&nbsp;<\/li><\/ol>\n\n\n\n<p>min. 1,5 m. Wewn\u0105trz sklepiku, przy ladzie&nbsp; mo\u017ce przebywa\u0107 jednocze\u015bnie 2 kupuj\u0105cych. Posi\u0142ki nale\u017cy spo\u017cywa\u0107 poza przestrzeni\u0105 sklepiku.&nbsp;<\/p>\n\n\n\n<ol start=\"16\"><li><strong>Zar\u00f3wno nauczyciele jak i uczniowie stosuj\u0105 si\u0119 do og\u00f3lnych&nbsp; zasad higieny: cz\u0119ste mycie r\u0105k (po przyj\u015bciu do szko\u0142y nale\u017cy bezzw\u0142ocznie umy\u0107 r\u0119ce), ochrona podczas kichania i kaszlu oraz unikanie\u202fdotykania oczu, nosa i ust.<\/strong>&nbsp;<\/li><\/ol>\n\n\n\n<ol start=\"17\"><li>Uczniowie wyposa\u017ceni s\u0105 we w\u0142asne przybory i podr\u0119czniki,&nbsp; nie mog\u0105 wymienia\u0107 si\u0119 przyborami szkolnymi mi\u0119dzy sob\u0105.&nbsp;<\/li><\/ol>\n\n\n\n<ol start=\"18\"><li>Nauczyciel, prowadz\u0105c lekcj\u0119&nbsp; wietrzy sal\u0119 w czasie zaj\u0119\u0107 i podczas przerwy.&nbsp;<\/li><\/ol>\n\n\n\n<ol start=\"19\"><li>W miar\u0119 mo\u017cliwo\u015bci nauczyciel mo\u017ce prowadzi\u0107 zaj\u0119cia z klas\u0105 na \u015bwie\u017cym powietrzu na terenie szko\u0142y.&nbsp;<\/li><\/ol>\n\n\n\n<ol start=\"20\"><li>Nauczyciel mo\u017ce zorganizowa\u0107 wyj\u015bcie z m\u0142odzie\u017c\u0105&nbsp; w miejsca otwarte, np. park, las, tereny zielone, z zachowaniem dystansu oraz zasad obowi\u0105zuj\u0105cych &nbsp;<br \/>w przestrzeni publicznej.&nbsp;&nbsp;<\/li><\/ol>\n\n\n\n<ol start=\"21\"><li>Podczas realizacji zaj\u0119\u0107, w tym zaj\u0119\u0107 wychowania fizycznego i sportowych, &nbsp;<br \/>w kt\u00f3rych nie mo\u017cna zachowa\u0107 dystansu, nale\u017cy zrezygnowa\u0107 z \u0107wicze\u0144 i gier kontaktowych.&nbsp;&nbsp;<\/li><\/ol>\n\n\n\n<ol start=\"22\"><li>Na terenie szko\u0142y mo\u017cliwe jest korzystanie z opieki piel\u0119gniarki oraz opieki stomatologicznej, zgodnie z wytycznymi epidemicznymi.&nbsp;<\/li><\/ol>\n\n\n\n<ol start=\"23\"><li>Wychowawcy klas w porozumieniu&nbsp; z rodzicami ustalaj\u0105 \u015brodki ostro\u017cno\u015bci&nbsp; dotycz\u0105ce funkcjonowania w szkole uczni\u00f3w z chorobami przewlek\u0142ymi.&nbsp;&nbsp;<\/li><\/ol>\n\n\n\n<p><strong>Post\u0119powanie w przypadku podejrzenia zaka\u017cenia u pracownik\u00f3w szko\u0142y<\/strong>&nbsp;<\/p>\n\n\n\n<ol><li>Do pracy w szkole mog\u0105 przychodzi\u0107 jedynie osoby bez objaw\u00f3w infekcji lub choroby zaka\u017anej oraz gdy nie maj\u0105 na\u0142o\u017conego obowi\u0105zku kwarantanny lub izolacji domowej.&nbsp;<\/li><\/ol>\n\n\n\n<ol start=\"2\"><li>Podczas organizowania pracy, pracownik\u00f3w&nbsp; powy\u017cej 60. roku \u017cycia &nbsp;<br \/>lub z istotnymi problemami zdrowotnymi, kt\u00f3re zaliczaj\u0105 osob\u0119 do grupy tzw. podwy\u017cszonego ryzyka, nie anga\u017cuje si\u0119&nbsp; w dy\u017cury podczas przerw mi\u0119dzylekcyjnych.&nbsp;<\/li><\/ol>\n\n\n\n<ol start=\"3\"><li>W przypadku wyst\u0105pienia objaw\u00f3w infekcji lub choroby zaka\u017anej u pracownika przed przyst\u0105pieniem do pracy, pozostaje on w domu, kontaktuje si\u0119 telefonicznie z lekarzem podstawowej opieki zdrowotnej, aby uzyska\u0107 teleporad\u0119 medyczn\u0105, &nbsp;<br \/>z kt\u00f3rej b\u0119d\u0105 wynika\u0142y dalsze czynno\u015bci dla pracownika ( nale\u017cy powiadomi\u0107 pracodawc\u0119 o nieobecno\u015bci). W razie pogarszania si\u0119 stanu zdrowia nale\u017cy zadzwoni\u0107 pod nr 999 lub 112.&nbsp;<\/li><\/ol>\n\n\n\n<ol start=\"4\"><li>W przypadku wyst\u0105pienia u pracownika b\u0119d\u0105cego na stanowisku pracy niepokoj\u0105cych objaw\u00f3w infekcji dr\u00f3g oddechowych\u2013 dyrektor szko\u0142y w trybie natychmiastowym odsuwa go od wykonywanych czynno\u015bci, kieruje do domu &nbsp;<br \/>i informuje o konieczno\u015bci pozostania w domu oraz kontaktu telefonicznego &nbsp;<br \/>z lekarzem podstawowej opieki zdrowotnej (uzyskanie teleporady medycznej, &nbsp;<br \/>z kt\u00f3rej b\u0119d\u0105 wynika\u0142y dalsze czynno\u015bci dla pracownika). W razie nag\u0142ego pogarszania si\u0119 stanu zdrowia nale\u017cy zadzwoni\u0107 pod nr 999 lub 112.&nbsp;<\/li><\/ol>\n\n\n\n<ol start=\"5\"><li>W przypadku pracownik\u00f3w z potwierdzonym zaka\u017ceniem wirusem SARS-CoV-2, kt\u00f3rzy mieli kontakt z innymi osobami w szkole, dyrektor powinien skontaktowa\u0107 si\u0119 telefonicznie ze stacj\u0105 sanitarno-epidemiologiczn\u0105.&nbsp;&nbsp;<\/li><\/ol>\n\n\n\n<ol start=\"6\"><li>Dyrektor szko\u0142y&nbsp; ustala miejsca, w kt\u00f3rych&nbsp; przebywa\u0142a osoba z niepokoj\u0105cymi objawami sugeruj\u0105cymi zaka\u017cenie koronawirusem oraz zleca przeprowadzenie dodatkowego sprz\u0105tania, a tak\u017ce zdezynfekowanie powierzchni dotykowych (klamki, por\u0119cze, uchwyty itp.)&nbsp;&nbsp;<\/li><\/ol>\n\n\n\n<ol start=\"7\"><li>Dyrektor zleca&nbsp; ustalenie listy os\u00f3b przebywaj\u0105cych w tym samym czasie w cz\u0119\u015bci\/cz\u0119\u015bciach szko\u0142y, w kt\u00f3rych przebywa\u0142a osoba podejrzana o zaka\u017cenie i zaleca stosowanie si\u0119 do wytycznych G\u0142\u00f3wnego Inspektora Sanitarnego dost\u0119pnych na stronie <a href=\"http:\/\/www.gov.pl\/koronawirus\" target=\"_blank\" rel=\"noreferrer noopener\">www.gov.pl\/koronawirus<\/a> oraz <a href=\"http:\/\/www.gis.gov.pl\" target=\"_blank\" rel=\"noreferrer noopener\">www.gis.gov.pl<\/a> odnosz\u0105cych si\u0119 do os\u00f3b, kt\u00f3re mia\u0142y kontakt z zaka\u017conym.&nbsp;&nbsp;<\/li><\/ol>\n\n\n\n<ol start=\"8\"><li>W przypadku potwierdzonego zaka\u017cenia SARS-CoV-2 na terenie szko\u0142y nale\u017cy stosowa\u0107 si\u0119 do zalece\u0144 pa\u0144stwowego powiatowego inspektora sanitarnego.&nbsp;<\/li><\/ol>\n\n\n\n<ol start=\"9\"><li>Pracownicy maj\u0105 obowi\u0105zek bie\u017c\u0105cego \u015bledzenia informacji G\u0142\u00f3wnego Inspektora Sanitarnego i Ministra Zdrowia dost\u0119pnych na stronach <a href=\"http:\/\/www.gov.pl\/koronawirus\" target=\"_blank\" rel=\"noreferrer noopener\">www.gov.pl\/koronawirus<\/a> oraz <a href=\"http:\/\/www.gis.gov.pl\" target=\"_blank\" rel=\"noreferrer noopener\">www.gis.gov.pl<\/a>&nbsp;<\/li><\/ol>\n\n\n\n<p><\/p>\n","protected":false},"excerpt":{"rendered":"<p>Procedury dotycz\u0105ce organizacji zaj\u0119\u0107 w V Liceum Og\u00f3lnokszta\u0142c\u0105cym im. Marii Sk\u0142odowskiej- Curie opracowane na podstawie wytycznych MEiN, MZ i GIS dla szk\u00f3\u0142 podstawowych i ponadpodstawowych. Aktualizacja z 31.08.2021 r.&nbsp; Og\u00f3lne zasady:&nbsp;&nbsp; Szczepienie&nbsp; rekomendowane dla pracownik\u00f3w szk\u00f3\u0142 oraz uczni\u00f3w w okre\u015blonych grupach wiekowych.&nbsp; Dystans&nbsp; minimalna odleg\u0142o\u015b\u0107 pomi\u0119dzy osobami: 1,5 metra.&nbsp; Dezynfekcja&nbsp; przed i po zaj\u0119ciach mycie [&hellip;]<\/p>\n","protected":false},"author":23,"featured_media":15467,"comment_status":"open","ping_status":"open","sticky":false,"template":"","format":"standard","meta":{"footnotes":""},"categories":[345,1],"tags":[],"_links":{"self":[{"href":"https:\/\/5lo.lublin.pl\/index.php?rest_route=\/wp\/v2\/posts\/18552"}],"collection":[{"href":"https:\/\/5lo.lublin.pl\/index.php?rest_route=\/wp\/v2\/posts"}],"about":[{"href":"https:\/\/5lo.lublin.pl\/index.php?rest_route=\/wp\/v2\/types\/post"}],"author":[{"embeddable":true,"href":"https:\/\/5lo.lublin.pl\/index.php?rest_route=\/wp\/v2\/users\/23"}],"replies":[{"embeddable":true,"href":"https:\/\/5lo.lublin.pl\/index.php?rest_route=%2Fwp%2Fv2%2Fcomments&post=18552"}],"version-history":[{"count":1,"href":"https:\/\/5lo.lublin.pl\/index.php?rest_route=\/wp\/v2\/posts\/18552\/revisions"}],"predecessor-version":[{"id":18596,"href":"https:\/\/5lo.lublin.pl\/index.php?rest_route=\/wp\/v2\/posts\/18552\/revisions\/18596"}],"wp:featuredmedia":[{"embeddable":true,"href":"https:\/\/5lo.lublin.pl\/index.php?rest_route=\/wp\/v2\/media\/15467"}],"wp:attachment":[{"href":"https:\/\/5lo.lublin.pl\/index.php?rest_route=%2Fwp%2Fv2%2Fmedia&parent=18552"}],"wp:term":[{"taxonomy":"category","embeddable":true,"href":"https:\/\/5lo.lublin.pl\/index.php?rest_route=%2Fwp%2Fv2%2Fcategories&post=18552"},{"taxonomy":"post_tag","embeddable":true,"href":"https:\/\/5lo.lublin.pl\/index.php?rest_route=%2Fwp%2Fv2%2Ftags&post=18552"}],"curies":[{"name":"wp","href":"https:\/\/api.w.org\/{rel}","templated":true}]}}