{"id":18396,"date":"2021-06-24T21:48:48","date_gmt":"2021-06-24T21:48:48","guid":{"rendered":"http:\/\/5lo.lublin.pl\/?p=18396"},"modified":"2021-06-25T05:58:40","modified_gmt":"2021-06-25T05:58:40","slug":"wreczanie-swiadectw-maturalnych","status":"publish","type":"post","link":"https:\/\/5lo.lublin.pl\/?p=18396","title":{"rendered":"WR\u0118CZANIE \u015aWIADECTW MATURALNYCH"},"content":{"rendered":"\n<p style=\"font-size:17px\"><strong>Wr\u0119czanie \u015bwiadectw dojrza\u0142o\u015bci i wynik\u00f3w maturalnych<\/strong> <strong>dla absolwent\u00f3w V Liceum Og\u00f3lnokszta\u0142c\u0105cego im. Marii Sk\u0142odowskiej-Curie w Lublinie odb\u0119dzie si\u0119 w dniu <em>5 lipca 2021&nbsp;r.<\/em> na dolnej sali gimnastycznej z zachowaniem zasad bezpiecze\u0144stwa epidemicznego.<\/strong><\/p>\n\n\n\n<p class=\"has-text-align-center\" style=\"font-size:17px\">Wszystkich Maturzyst\u00f3w V LO zapraszamy na spotkanie z  wychowawcami zgodnie z harmonogramem:<\/p>\n\n\n\n<figure class=\"wp-block-table aligncenter is-style-regular\"><table class=\"has-fixed-layout\"><tbody><tr><td class=\"has-text-align-center\" data-align=\"center\">Godzina rozpocz\u0119cia<\/td><td class=\"has-text-align-center\" data-align=\"center\">Wyznaczone klasy<\/td><\/tr><tr><td class=\"has-text-align-center\" data-align=\"center\">9:00<\/td><td class=\"has-text-align-center\" data-align=\"center\">3 A, 3 B<\/td><\/tr><tr><td class=\"has-text-align-center\" data-align=\"center\">10:00<\/td><td class=\"has-text-align-center\" data-align=\"center\">3 C, 3 D<\/td><\/tr><tr><td class=\"has-text-align-center\" data-align=\"center\">11:00<\/td><td class=\"has-text-align-center\" data-align=\"center\">3 E, 3 F<\/td><\/tr><tr><td class=\"has-text-align-center\" data-align=\"center\">12:00<\/td><td class=\"has-text-align-center\" data-align=\"center\">3 G, 3 H, Absolwenci z lat wcze\u015bniejszych<\/td><\/tr><\/tbody><\/table><\/figure>\n\n\n\n<p class=\"has-text-align-center\" style=\"font-size:17px\">Absolwenci wchodz\u0105 do budynku szko\u0142y <strong>wej\u015bciem nr<\/strong> 4 (za sal\u0105 gimnastyczn\u0105).<\/p>\n\n\n\n<p class=\"has-text-align-center\" style=\"font-size:17px\">Po odbiorze \u015bwiadectwa wychodz\u0105 ze szko\u0142y <strong>wyj\u015bciem<\/strong> <strong>nr 2<\/strong> na ul. Lipow\u0105.<\/p>\n\n\n\n<div class=\"wp-block-image\"><figure class=\"aligncenter size-large is-resized\"><img loading=\"lazy\" decoding=\"async\" src=\"https:\/\/5lo.lublin.pl\/wp-content\/uploads\/2020\/06\/mapa1.jpg\" alt=\"\" class=\"wp-image-15155\" width=\"364\" height=\"385\" srcset=\"https:\/\/5lo.lublin.pl\/wp-content\/uploads\/2020\/06\/mapa1.jpg 728w, https:\/\/5lo.lublin.pl\/wp-content\/uploads\/2020\/06\/mapa1-284x300.jpg 284w\" sizes=\"(max-width: 364px) 100vw, 364px\" \/><\/figure><\/div>\n\n\n\n<p class=\"has-text-align-center\" style=\"font-size:17px\">\u015awiadectwa dojrza\u0142o\u015bci mog\u0105 by\u0107 odebrane osobi\u015bcie lub na podstawie pisemnego upowa\u017cnienia zawieraj\u0105cego seri\u0119 i nr dowodu to\u017csamo\u015bci osoby upowa\u017cnionej do odbioru oraz zawieraj\u0105cego czytelny podpis maturzysty (<a href=\"https:\/\/5lo.lublin.pl\/wp-content\/uploads\/2021\/06\/Upowaznienie-do-odbioru-swiadectwa-maturalnego.doc\" target=\"_blank\" rel=\"noreferrer noopener\">wz\u00f3r upowa\u017cnienia- link)<\/a>. <\/p>\n\n\n\n<p class=\"has-text-align-center\" style=\"font-size:17px\">Wszystkim Maturzystom przypominamy o konieczno\u015bci posiadania przy sobie dowodu to\u017csamo\u015bci.<\/p>\n\n\n\n<p class=\"has-text-align-center\" style=\"font-size:17px\">Prosimy o przyniesienie ze sob\u0105 d\u0142ugopisu do po\u015bwiadczenia odbioru.<\/p>\n\n\n\n<p class=\"has-text-align-center\" style=\"font-size:17px\">W p\u00f3\u017aniejszym terminie \u015bwiadectwa b\u0119d\u0105 do odbioru w sekretariacie szko\u0142y.<\/p>\n","protected":false},"excerpt":{"rendered":"<p>Wr\u0119czanie \u015bwiadectw dojrza\u0142o\u015bci i wynik\u00f3w maturalnych dla absolwent\u00f3w V Liceum Og\u00f3lnokszta\u0142c\u0105cego im. Marii Sk\u0142odowskiej-Curie w Lublinie odb\u0119dzie si\u0119 w dniu 5 lipca 2021&nbsp;r. na dolnej sali gimnastycznej z zachowaniem zasad bezpiecze\u0144stwa epidemicznego. Wszystkich Maturzyst\u00f3w V LO zapraszamy na spotkanie z wychowawcami zgodnie z harmonogramem: Godzina rozpocz\u0119cia Wyznaczone klasy 9:00 3 A, 3 B 10:00 3 [&hellip;]<\/p>\n","protected":false},"author":23,"featured_media":13305,"comment_status":"open","ping_status":"open","sticky":false,"template":"","format":"standard","meta":{"footnotes":""},"categories":[1,133],"tags":[],"_links":{"self":[{"href":"https:\/\/5lo.lublin.pl\/index.php?rest_route=\/wp\/v2\/posts\/18396"}],"collection":[{"href":"https:\/\/5lo.lublin.pl\/index.php?rest_route=\/wp\/v2\/posts"}],"about":[{"href":"https:\/\/5lo.lublin.pl\/index.php?rest_route=\/wp\/v2\/types\/post"}],"author":[{"embeddable":true,"href":"https:\/\/5lo.lublin.pl\/index.php?rest_route=\/wp\/v2\/users\/23"}],"replies":[{"embeddable":true,"href":"https:\/\/5lo.lublin.pl\/index.php?rest_route=%2Fwp%2Fv2%2Fcomments&post=18396"}],"version-history":[{"count":1,"href":"https:\/\/5lo.lublin.pl\/index.php?rest_route=\/wp\/v2\/posts\/18396\/revisions"}],"predecessor-version":[{"id":18404,"href":"https:\/\/5lo.lublin.pl\/index.php?rest_route=\/wp\/v2\/posts\/18396\/revisions\/18404"}],"wp:featuredmedia":[{"embeddable":true,"href":"https:\/\/5lo.lublin.pl\/index.php?rest_route=\/wp\/v2\/media\/13305"}],"wp:attachment":[{"href":"https:\/\/5lo.lublin.pl\/index.php?rest_route=%2Fwp%2Fv2%2Fmedia&parent=18396"}],"wp:term":[{"taxonomy":"category","embeddable":true,"href":"https:\/\/5lo.lublin.pl\/index.php?rest_route=%2Fwp%2Fv2%2Fcategories&post=18396"},{"taxonomy":"post_tag","embeddable":true,"href":"https:\/\/5lo.lublin.pl\/index.php?rest_route=%2Fwp%2Fv2%2Ftags&post=18396"}],"curies":[{"name":"wp","href":"https:\/\/api.w.org\/{rel}","templated":true}]}}