{"id":18283,"date":"2021-06-22T18:59:59","date_gmt":"2021-06-22T18:59:59","guid":{"rendered":"http:\/\/5lo.lublin.pl\/?p=18283"},"modified":"2021-06-22T19:00:02","modified_gmt":"2021-06-22T19:00:02","slug":"ankieta-co-uczniowie-mysla-o-szkole","status":"publish","type":"post","link":"https:\/\/5lo.lublin.pl\/?p=18283","title":{"rendered":"Ankieta &#8222;Co uczniowie my\u015bl\u0105 o szkole?&#8221;"},"content":{"rendered":"\n<p style=\"font-size:17px\">W roku szkolnym 2020\/2021 w naszej szkole, po raz trzynasty, zosta\u0142a przeprowadzona ankieta <strong>\u201eCo uczniowie my\u015bl\u0105 na temat szko\u0142y\u201d.<\/strong> Wzi\u0119li w niej udzia\u0142 uczniowie klas:<\/p>\n\n\n\n<ul style=\"font-size:17px\"><li><strong>II F <\/strong>(z rozszerzonym programem: matematyki, fizyki oraz informatyki),<\/li><li><strong>II G<\/strong> (z rozszerzonym programem: biologii, chemii oraz j\u0119zyka angielskiego),<\/li><li><strong>II H<\/strong> (z rozszerzonym programem: matematyki, geografii oraz wos\u2019u),<\/li><li><strong>II J<\/strong> (z rozszerzonym programem: matematyki, biologii i j\u0119zyka angielskiego),<\/li><li><strong>II K<\/strong> (z rozszerzonym programem: j\u0119zyka polskiego, historii i&nbsp; wos\u2019u),<\/li><\/ul>\n\n\n\n<p style=\"font-size:17px\">Ankieta by\u0142a <strong>anonimowa<\/strong>. \u0141\u0105cznie ankiet\u0119 wype\u0142ni\u0142o <strong>122 uczni\u00f3w (kt\u00f3rzy stanowi\u0105 77% wszystkich uczni\u00f3w klas drugich V LO po gimnazjum).<\/strong><\/p>\n\n\n\n<figure class=\"wp-block-image size-large\"><img loading=\"lazy\" decoding=\"async\" width=\"849\" height=\"579\" src=\"https:\/\/5lo.lublin.pl\/wp-content\/uploads\/2021\/06\/a3.png\" alt=\"\" class=\"wp-image-18286\" srcset=\"https:\/\/5lo.lublin.pl\/wp-content\/uploads\/2021\/06\/a3.png 849w, https:\/\/5lo.lublin.pl\/wp-content\/uploads\/2021\/06\/a3-300x205.png 300w, https:\/\/5lo.lublin.pl\/wp-content\/uploads\/2021\/06\/a3-768x524.png 768w\" sizes=\"(max-width: 849px) 100vw, 849px\" \/><\/figure>\n\n\n\n<figure class=\"wp-block-image size-large\"><img loading=\"lazy\" decoding=\"async\" width=\"846\" height=\"877\" src=\"https:\/\/5lo.lublin.pl\/wp-content\/uploads\/2021\/06\/a4.png\" alt=\"\" class=\"wp-image-18287\" srcset=\"https:\/\/5lo.lublin.pl\/wp-content\/uploads\/2021\/06\/a4.png 846w, https:\/\/5lo.lublin.pl\/wp-content\/uploads\/2021\/06\/a4-289x300.png 289w, https:\/\/5lo.lublin.pl\/wp-content\/uploads\/2021\/06\/a4-768x796.png 768w\" sizes=\"(max-width: 846px) 100vw, 846px\" \/><\/figure>\n\n\n\n<figure class=\"wp-block-image size-large\"><img loading=\"lazy\" decoding=\"async\" width=\"863\" height=\"254\" src=\"https:\/\/5lo.lublin.pl\/wp-content\/uploads\/2021\/06\/a5.png\" alt=\"\" class=\"wp-image-18288\" srcset=\"https:\/\/5lo.lublin.pl\/wp-content\/uploads\/2021\/06\/a5.png 863w, https:\/\/5lo.lublin.pl\/wp-content\/uploads\/2021\/06\/a5-300x88.png 300w, https:\/\/5lo.lublin.pl\/wp-content\/uploads\/2021\/06\/a5-768x226.png 768w\" sizes=\"(max-width: 863px) 100vw, 863px\" \/><\/figure>\n\n\n\n<figure class=\"wp-block-image size-large\"><img loading=\"lazy\" decoding=\"async\" width=\"846\" height=\"743\" src=\"https:\/\/5lo.lublin.pl\/wp-content\/uploads\/2021\/06\/a6.png\" alt=\"\" class=\"wp-image-18289\" srcset=\"https:\/\/5lo.lublin.pl\/wp-content\/uploads\/2021\/06\/a6.png 846w, https:\/\/5lo.lublin.pl\/wp-content\/uploads\/2021\/06\/a6-300x263.png 300w, https:\/\/5lo.lublin.pl\/wp-content\/uploads\/2021\/06\/a6-768x674.png 768w\" sizes=\"(max-width: 846px) 100vw, 846px\" \/><\/figure>\n\n\n\n<figure class=\"wp-block-image size-large\"><img loading=\"lazy\" decoding=\"async\" width=\"698\" height=\"596\" src=\"https:\/\/5lo.lublin.pl\/wp-content\/uploads\/2021\/06\/a7.png\" alt=\"\" class=\"wp-image-18290\" srcset=\"https:\/\/5lo.lublin.pl\/wp-content\/uploads\/2021\/06\/a7.png 698w, https:\/\/5lo.lublin.pl\/wp-content\/uploads\/2021\/06\/a7-300x256.png 300w\" sizes=\"(max-width: 698px) 100vw, 698px\" \/><\/figure>\n\n\n\n<figure class=\"wp-block-image size-large\"><img loading=\"lazy\" decoding=\"async\" width=\"765\" height=\"347\" src=\"https:\/\/5lo.lublin.pl\/wp-content\/uploads\/2021\/06\/a8.png\" alt=\"\" class=\"wp-image-18291\" srcset=\"https:\/\/5lo.lublin.pl\/wp-content\/uploads\/2021\/06\/a8.png 765w, https:\/\/5lo.lublin.pl\/wp-content\/uploads\/2021\/06\/a8-300x136.png 300w\" sizes=\"(max-width: 765px) 100vw, 765px\" \/><\/figure>\n\n\n\n<figure class=\"wp-block-image size-large\"><img loading=\"lazy\" decoding=\"async\" width=\"826\" height=\"636\" src=\"https:\/\/5lo.lublin.pl\/wp-content\/uploads\/2021\/06\/a9.png\" alt=\"\" class=\"wp-image-18292\" srcset=\"https:\/\/5lo.lublin.pl\/wp-content\/uploads\/2021\/06\/a9.png 826w, https:\/\/5lo.lublin.pl\/wp-content\/uploads\/2021\/06\/a9-300x231.png 300w, https:\/\/5lo.lublin.pl\/wp-content\/uploads\/2021\/06\/a9-768x591.png 768w\" sizes=\"(max-width: 826px) 100vw, 826px\" \/><\/figure>\n\n\n\n<figure class=\"wp-block-image size-large\"><img loading=\"lazy\" decoding=\"async\" width=\"765\" height=\"347\" src=\"https:\/\/5lo.lublin.pl\/wp-content\/uploads\/2021\/06\/a10.png\" alt=\"\" class=\"wp-image-18293\" srcset=\"https:\/\/5lo.lublin.pl\/wp-content\/uploads\/2021\/06\/a10.png 765w, https:\/\/5lo.lublin.pl\/wp-content\/uploads\/2021\/06\/a10-300x136.png 300w\" sizes=\"(max-width: 765px) 100vw, 765px\" \/><\/figure>\n\n\n\n<figure class=\"wp-block-image size-large\"><img loading=\"lazy\" decoding=\"async\" width=\"850\" height=\"460\" src=\"https:\/\/5lo.lublin.pl\/wp-content\/uploads\/2021\/06\/a11.png\" alt=\"\" class=\"wp-image-18294\" srcset=\"https:\/\/5lo.lublin.pl\/wp-content\/uploads\/2021\/06\/a11.png 850w, https:\/\/5lo.lublin.pl\/wp-content\/uploads\/2021\/06\/a11-300x162.png 300w, https:\/\/5lo.lublin.pl\/wp-content\/uploads\/2021\/06\/a11-768x416.png 768w\" sizes=\"(max-width: 850px) 100vw, 850px\" \/><\/figure>\n\n\n\n<p style=\"font-size:17px\">Opracowa\u0142a p. Jadwiga Lasocka<\/p>\n","protected":false},"excerpt":{"rendered":"<p>W roku szkolnym 2020\/2021 w naszej szkole, po raz trzynasty, zosta\u0142a przeprowadzona ankieta \u201eCo uczniowie my\u015bl\u0105 na temat szko\u0142y\u201d. Wzi\u0119li w niej udzia\u0142 uczniowie klas: II F (z rozszerzonym programem: matematyki, fizyki oraz informatyki), II G (z rozszerzonym programem: biologii, chemii oraz j\u0119zyka angielskiego), II H (z rozszerzonym programem: matematyki, geografii oraz wos\u2019u), II J [&hellip;]<\/p>\n","protected":false},"author":23,"featured_media":18284,"comment_status":"open","ping_status":"open","sticky":false,"template":"","format":"standard","meta":{"footnotes":""},"categories":[139,135],"tags":[],"_links":{"self":[{"href":"https:\/\/5lo.lublin.pl\/index.php?rest_route=\/wp\/v2\/posts\/18283"}],"collection":[{"href":"https:\/\/5lo.lublin.pl\/index.php?rest_route=\/wp\/v2\/posts"}],"about":[{"href":"https:\/\/5lo.lublin.pl\/index.php?rest_route=\/wp\/v2\/types\/post"}],"author":[{"embeddable":true,"href":"https:\/\/5lo.lublin.pl\/index.php?rest_route=\/wp\/v2\/users\/23"}],"replies":[{"embeddable":true,"href":"https:\/\/5lo.lublin.pl\/index.php?rest_route=%2Fwp%2Fv2%2Fcomments&post=18283"}],"version-history":[{"count":1,"href":"https:\/\/5lo.lublin.pl\/index.php?rest_route=\/wp\/v2\/posts\/18283\/revisions"}],"predecessor-version":[{"id":18297,"href":"https:\/\/5lo.lublin.pl\/index.php?rest_route=\/wp\/v2\/posts\/18283\/revisions\/18297"}],"wp:featuredmedia":[{"embeddable":true,"href":"https:\/\/5lo.lublin.pl\/index.php?rest_route=\/wp\/v2\/media\/18284"}],"wp:attachment":[{"href":"https:\/\/5lo.lublin.pl\/index.php?rest_route=%2Fwp%2Fv2%2Fmedia&parent=18283"}],"wp:term":[{"taxonomy":"category","embeddable":true,"href":"https:\/\/5lo.lublin.pl\/index.php?rest_route=%2Fwp%2Fv2%2Fcategories&post=18283"},{"taxonomy":"post_tag","embeddable":true,"href":"https:\/\/5lo.lublin.pl\/index.php?rest_route=%2Fwp%2Fv2%2Ftags&post=18283"}],"curies":[{"name":"wp","href":"https:\/\/api.w.org\/{rel}","templated":true}]}}