{"id":18257,"date":"2021-06-24T07:41:00","date_gmt":"2021-06-24T07:41:00","guid":{"rendered":"http:\/\/5lo.lublin.pl\/?p=18257"},"modified":"2021-06-24T13:31:35","modified_gmt":"2021-06-24T13:31:35","slug":"rekrutacja-2021-2022-2","status":"publish","type":"post","link":"https:\/\/5lo.lublin.pl\/?p=18257","title":{"rendered":"Rekrutacja 2021\/2022"},"content":{"rendered":"\n<h5 class=\"wp-block-heading\">Szanowni Pa\u0144stwo, Drodzy Kandydaci,<\/h5>\n\n\n\n<p style=\"font-size:17px\">Ju\u017c w najbli\u017cszy pi\u0105tek rozpoczyna si\u0119 kolejny etap rekrutacji &#8222;Weryfikacja zmian wniosk\u00f3w kandydat\u00f3w oraz weryfikacja danych o osi\u0105gni\u0119ciach&#8221;.<\/p>\n\n\n\n<p style=\"font-size:17px\">Komisja Rekrutacyjna b\u0119dzie przyjmowa\u0142a Kandydat\u00f3w w godz. 8.00 &#8211; 15.00 w sali 105 (parter, wej\u015bcie od ul. Lipowej).<\/p>\n\n\n\n<p style=\"font-size:17px\">Kandydaci, kt\u00f3rzy rejestrowali si\u0119 samodzielnie musz\u0105 dostarczy\u0107<strong> do 14 lipca 2021 r. do godz. 15.00<\/strong> do szko\u0142y pierwszego wyboru potwierdzon\u0105 kopi\u0119 \u015bwiadectwa uko\u0144czenia szko\u0142y podstawowej oraz kopi\u0119 wynik\u00f3w egzaminu \u00f3smoklasisty.  Kopii wynik\u00f3w egzaminu nie dostarczaj\u0105 Kandydaci, kt\u00f3rych organem prowadz\u0105cym jest Gmina Lublin, poniewa\u017c ich wyniki do systemu rekrutacji wprowadzaj\u0105 szko\u0142y macierzyste. <\/p>\n\n\n\n<p style=\"font-size:17px\">Je\u015bli Kandydat chcia\u0142by dokona\u0107 zmian w z\u0142o\u017conym wniosku szko\u0142a pierwszego wyboru musi anulowa\u0107 poprzednio z\u0142o\u017cony wniosek. W za\u0142\u0105czeniu <a href=\"https:\/\/5lo.lublin.pl\/wp-content\/uploads\/2021\/06\/Anulowanie-wniosku-V-LO-Lublin.docx\" target=\"_blank\" rel=\"noreferrer noopener\">druk anulowania<\/a> wniosku dla Kandydat\u00f3w, dla kt\u00f3rych pierwszym wyborem jest V Liceum Og\u00f3lnokszta\u0142c\u0105ce w Lublinie. Kandydat uzupe\u0142nia wymagane pola, rodzice\/prawni opiekunowie oraz kandydat sk\u0142adaj\u0105 podpisy i dostarczaj\u0105 druk do szko\u0142y. Po otrzymaniu pisemnej pro\u015bby o anulowanie wniosku Punkt Naboru odblokuje Kandydatowi konto i b\u0119dzie mo\u017cna wprowadza\u0107 zmiany we wniosku. Po wprowadzeniu zmian nowy wniosek nale\u017cy najp\u00f3\u017aniej do 14 lipca do godz. 15.00 dostarczy\u0107 do szko\u0142y pierwszego wyboru (mo\u017cna go z\u0142o\u017cy\u0107 tak jak w poprzednim etapie osobi\u015bcie albo elektronicznie).<\/p>\n\n\n\n<p style=\"font-size:17px\">Zach\u0119camy do korzystania ze strony rekrutacji  <a href=\"https:\/\/lubelszczyzna.edu.com.pl\/kandydat\/app\/\">https:\/\/lubelszczyzna.edu.com.pl\/kandydat\/app\/<\/a> , mo\u017cna na niej znale\u017a\u0107 najwa\u017cniejsze informacje oraz porady w formie film\u00f3w.<\/p>\n\n\n\n<p style=\"font-size:17px\">Przypominamy wszystkim osobom, kt\u00f3re odwiedz\u0105 nas osobi\u015bcie o zachowaniu zasad bezpiecze\u0144stwa.<\/p>\n\n\n\n<p><\/p>\n","protected":false},"excerpt":{"rendered":"<p>Szanowni Pa\u0144stwo, Drodzy Kandydaci, Ju\u017c w najbli\u017cszy pi\u0105tek rozpoczyna si\u0119 kolejny etap rekrutacji &#8222;Weryfikacja zmian wniosk\u00f3w kandydat\u00f3w oraz weryfikacja danych o osi\u0105gni\u0119ciach&#8221;. Komisja Rekrutacyjna b\u0119dzie przyjmowa\u0142a Kandydat\u00f3w w godz. 8.00 &#8211; 15.00 w sali 105 (parter, wej\u015bcie od ul. Lipowej). Kandydaci, kt\u00f3rzy rejestrowali si\u0119 samodzielnie musz\u0105 dostarczy\u0107 do 14 lipca 2021 r. do godz. 15.00 [&hellip;]<\/p>\n","protected":false},"author":23,"featured_media":16935,"comment_status":"open","ping_status":"open","sticky":false,"template":"","format":"standard","meta":{"footnotes":""},"categories":[1,340],"tags":[],"_links":{"self":[{"href":"https:\/\/5lo.lublin.pl\/index.php?rest_route=\/wp\/v2\/posts\/18257"}],"collection":[{"href":"https:\/\/5lo.lublin.pl\/index.php?rest_route=\/wp\/v2\/posts"}],"about":[{"href":"https:\/\/5lo.lublin.pl\/index.php?rest_route=\/wp\/v2\/types\/post"}],"author":[{"embeddable":true,"href":"https:\/\/5lo.lublin.pl\/index.php?rest_route=\/wp\/v2\/users\/23"}],"replies":[{"embeddable":true,"href":"https:\/\/5lo.lublin.pl\/index.php?rest_route=%2Fwp%2Fv2%2Fcomments&post=18257"}],"version-history":[{"count":1,"href":"https:\/\/5lo.lublin.pl\/index.php?rest_route=\/wp\/v2\/posts\/18257\/revisions"}],"predecessor-version":[{"id":18269,"href":"https:\/\/5lo.lublin.pl\/index.php?rest_route=\/wp\/v2\/posts\/18257\/revisions\/18269"}],"wp:featuredmedia":[{"embeddable":true,"href":"https:\/\/5lo.lublin.pl\/index.php?rest_route=\/wp\/v2\/media\/16935"}],"wp:attachment":[{"href":"https:\/\/5lo.lublin.pl\/index.php?rest_route=%2Fwp%2Fv2%2Fmedia&parent=18257"}],"wp:term":[{"taxonomy":"category","embeddable":true,"href":"https:\/\/5lo.lublin.pl\/index.php?rest_route=%2Fwp%2Fv2%2Fcategories&post=18257"},{"taxonomy":"post_tag","embeddable":true,"href":"https:\/\/5lo.lublin.pl\/index.php?rest_route=%2Fwp%2Fv2%2Ftags&post=18257"}],"curies":[{"name":"wp","href":"https:\/\/api.w.org\/{rel}","templated":true}]}}