{"id":17509,"date":"2021-04-23T11:06:00","date_gmt":"2021-04-23T11:06:00","guid":{"rendered":"http:\/\/5lo.lublin.pl\/?p=17509"},"modified":"2021-04-27T10:34:51","modified_gmt":"2021-04-27T10:34:51","slug":"zakonczenie-roku-szkolnego-klas-trzecich","status":"publish","type":"post","link":"https:\/\/5lo.lublin.pl\/?p=17509","title":{"rendered":"Zako\u0144czenie roku szkolnego klas trzecich"},"content":{"rendered":"\n<p style=\"font-size:17px\">W dniu 30 kwietnia 2021r. odb\u0119dzie si\u0119 wr\u0119czenie \u015bwiadectw uko\u0144czenia szko\u0142y uczniom klas trzecich. <\/p>\n\n\n\n<p style=\"font-size:17px\">W celu zachowania zasad bezpiecze\u0144stwa prosimy o przestrzeganie poni\u017cszego harmonogramu.<\/p>\n\n\n\n<p style=\"font-size:17px\">Uczniowie klas III A, III B, III C, III D wchodz\u0105 do budynku szko\u0142y wej\u015bciem od parkingu przy ulicy Sk\u0142odowskiej (wej\u015bcie nr 3) zgodnie z harmonogramem:<\/p>\n\n\n\n<figure class=\"wp-block-table is-style-stripes\"><table class=\"has-fixed-layout\"><tbody><tr><td class=\"has-text-align-center\" data-align=\"center\"><strong>III A<\/strong><\/td><td class=\"has-text-align-left\" data-align=\"left\"><strong>8:00 &#8211; 8:30<\/strong><\/td><\/tr><tr><td class=\"has-text-align-center\" data-align=\"center\"><strong>III D<\/strong><\/td><td class=\"has-text-align-left\" data-align=\"left\"><strong>9:00 &#8211; 9:30<\/strong><\/td><\/tr><tr><td class=\"has-text-align-center\" data-align=\"center\"><strong>III C<\/strong><\/td><td class=\"has-text-align-left\" data-align=\"left\"><strong>10:00 &#8211; 10:30<\/strong><\/td><\/tr><tr><td class=\"has-text-align-center\" data-align=\"center\"><strong>III B<\/strong><\/td><td class=\"has-text-align-left\" data-align=\"left\"><strong>11:00 &#8211; 11:30<\/strong><\/td><\/tr><\/tbody><\/table><\/figure>\n\n\n\n<p style=\"font-size:17px\">Uczniowie wychodz\u0105 wyj\u015bciem nr 2 na ulic\u0119 Lipow\u0105.<\/p>\n\n\n\n<p><\/p>\n\n\n\n<p style=\"font-size:17px\">Uczniowie klas III E, III F, III G, III H wchodz\u0105 do budynku szko\u0142y wej\u015bciem za sal\u0105 gimnastyczn\u0105 (wej\u015bcie nr 5) zgodnie z harmonogramem:<\/p>\n\n\n\n<figure class=\"wp-block-table is-style-stripes\"><table class=\"has-fixed-layout\"><tbody><tr><td class=\"has-text-align-center\" data-align=\"center\"><strong>III E<\/strong><\/td><td><strong>8:30 &#8211; 9:00<\/strong><\/td><\/tr><tr><td class=\"has-text-align-center\" data-align=\"center\"><strong>III F<\/strong><\/td><td><strong>9:30 &#8211; 10:00<\/strong><\/td><\/tr><tr><td class=\"has-text-align-center\" data-align=\"center\"><strong>III G<\/strong><\/td><td><strong>10:30 &#8211; 11:00<\/strong><\/td><\/tr><tr><td class=\"has-text-align-center\" data-align=\"center\"><strong>III H<\/strong><\/td><td><strong>11:30 &#8211; 12:00<\/strong><\/td><\/tr><\/tbody><\/table><\/figure>\n\n\n\n<p style=\"font-size:17px\">Uczniowie wychodz\u0105 wyj\u015bciem nr 1 na ulic\u0119 Lipow\u0105.<\/p>\n\n\n\n<div class=\"wp-block-image\"><figure class=\"aligncenter size-full is-resized\"><img loading=\"lazy\" decoding=\"async\" src=\"https:\/\/5lo.lublin.pl\/wp-content\/uploads\/2020\/06\/mapa1.jpg\" alt=\"\" class=\"wp-image-15155\" width=\"728\" height=\"769\" srcset=\"https:\/\/5lo.lublin.pl\/wp-content\/uploads\/2020\/06\/mapa1.jpg 728w, https:\/\/5lo.lublin.pl\/wp-content\/uploads\/2020\/06\/mapa1-284x300.jpg 284w\" sizes=\"(max-width: 728px) 100vw, 728px\" \/><\/figure><\/div>\n\n\n\n<p style=\"font-size:17px\">Uczniowie wyposa\u017ceni w r\u0119kawiczki, maseczki i d\u0142ugopisy ustawiaj\u0105 si\u0119 przed wyznaczonym wej\u015bciem do szko\u0142y w kolejce z odst\u0119pami 2 m jeden od drugiego. Pojedynczo wchodz\u0105 do szko\u0142y, odbieraj\u0105 i kwituj\u0105 odbi\u00f3r dokument\u00f3w, nast\u0119pnie wychodz\u0105 drzwiami od ul. Lipowej. Mo\u017cliwe b\u0119dzie zaparkowanie samochodu na boisku szkolnym.<\/p>\n","protected":false},"excerpt":{"rendered":"<p>W dniu 30 kwietnia 2021r. odb\u0119dzie si\u0119 wr\u0119czenie \u015bwiadectw uko\u0144czenia szko\u0142y uczniom klas trzecich. W celu zachowania zasad bezpiecze\u0144stwa prosimy o przestrzeganie poni\u017cszego harmonogramu. Uczniowie klas III A, III B, III C, III D wchodz\u0105 do budynku szko\u0142y wej\u015bciem od parkingu przy ulicy Sk\u0142odowskiej (wej\u015bcie nr 3) zgodnie z harmonogramem: III A 8:00 &#8211; 8:30 [&hellip;]<\/p>\n","protected":false},"author":23,"featured_media":15053,"comment_status":"open","ping_status":"open","sticky":false,"template":"","format":"standard","meta":{"footnotes":""},"categories":[1],"tags":[],"_links":{"self":[{"href":"https:\/\/5lo.lublin.pl\/index.php?rest_route=\/wp\/v2\/posts\/17509"}],"collection":[{"href":"https:\/\/5lo.lublin.pl\/index.php?rest_route=\/wp\/v2\/posts"}],"about":[{"href":"https:\/\/5lo.lublin.pl\/index.php?rest_route=\/wp\/v2\/types\/post"}],"author":[{"embeddable":true,"href":"https:\/\/5lo.lublin.pl\/index.php?rest_route=\/wp\/v2\/users\/23"}],"replies":[{"embeddable":true,"href":"https:\/\/5lo.lublin.pl\/index.php?rest_route=%2Fwp%2Fv2%2Fcomments&post=17509"}],"version-history":[{"count":1,"href":"https:\/\/5lo.lublin.pl\/index.php?rest_route=\/wp\/v2\/posts\/17509\/revisions"}],"predecessor-version":[{"id":17657,"href":"https:\/\/5lo.lublin.pl\/index.php?rest_route=\/wp\/v2\/posts\/17509\/revisions\/17657"}],"wp:featuredmedia":[{"embeddable":true,"href":"https:\/\/5lo.lublin.pl\/index.php?rest_route=\/wp\/v2\/media\/15053"}],"wp:attachment":[{"href":"https:\/\/5lo.lublin.pl\/index.php?rest_route=%2Fwp%2Fv2%2Fmedia&parent=17509"}],"wp:term":[{"taxonomy":"category","embeddable":true,"href":"https:\/\/5lo.lublin.pl\/index.php?rest_route=%2Fwp%2Fv2%2Fcategories&post=17509"},{"taxonomy":"post_tag","embeddable":true,"href":"https:\/\/5lo.lublin.pl\/index.php?rest_route=%2Fwp%2Fv2%2Ftags&post=17509"}],"curies":[{"name":"wp","href":"https:\/\/api.w.org\/{rel}","templated":true}]}}