{"id":17401,"date":"2021-03-22T06:39:59","date_gmt":"2021-03-22T06:39:59","guid":{"rendered":"http:\/\/5lo.lublin.pl\/?p=17401"},"modified":"2021-07-14T05:56:04","modified_gmt":"2021-07-14T05:56:04","slug":"rozstrzygniecie-konkursu-czym-jest-szczescie","status":"publish","type":"post","link":"https:\/\/5lo.lublin.pl\/?p=17401","title":{"rendered":"Rozstrzygni\u0119cie konkursu \u201eCzym jest szcz\u0119\u015bcie?\u201d"},"content":{"rendered":"\n<p style=\"font-size:18px\">Z okazji <strong>Mi\u0119dzynarodowego Dnia Szcz\u0119\u015bcia<\/strong>, nauczyciele j\u0119zyk\u00f3w: polskiego, angielskiego i niemieckiego w V LO og\u0142osili konkurs dla uczni\u00f3w na napisanie pracy pt.\u201d Czym jest szcz\u0119\u015bcie?\u201d<\/p>\n\n\n\n<p class=\"has-text-align-center\" style=\"font-size:18px\">Oto werdykt jury:<\/p>\n\n\n\n<p class=\"has-text-align-center\" style=\"font-size:18px\"><strong>Kategoria: j\u0119zyk polski<\/strong> <\/p>\n\n\n\n<p class=\"has-text-align-center\" style=\"font-size:18px\">I miejsce Anna Rolewska kl. IG <strong>\u201e EUFORIA HUMANISTY\u201d<\/strong><\/p>\n\n\n\n<p class=\"has-text-align-center\" style=\"font-size:18px\">II miejsce Oliwia Borys kl. IC <strong>\u201e PODR\u00d3\u017b DOKO\u0141A \u015aWIATA\u201d<\/strong><\/p>\n\n\n\n<p class=\"has-text-align-center\" style=\"font-size:18px\">III miejsce ex aequo :<\/p>\n\n\n\n<p class=\"has-text-align-center\" style=\"font-size:18px\">Natalia Czerniak kl. III H <strong>\u201e SZCZ\u0118\u015aCIE\u201d<\/strong><\/p>\n\n\n\n<p class=\"has-text-align-center\" style=\"font-size:18px\">Marek G\u0142az kl. III H <strong>\u201eTE CHWILE\u2026\u201d<\/strong><\/p>\n\n\n\n<p class=\"has-text-align-center\" style=\"font-size:18px\">Wyr\u00f3\u017cnienia:<\/p>\n\n\n\n<p class=\"has-text-align-center\" style=\"font-size:18px\">1. Anna Bonecka <strong>\u201e CZYM JEST SZCZ\u0118\u015aCIE?\u201d<\/strong><\/p>\n\n\n\n<p class=\"has-text-align-center\" style=\"font-size:18px\">2. Wiktoria Opoka<strong> \u201e LIST DO PRZYJACIELA \u2018\u2019<\/strong><\/p>\n\n\n\n<p class=\"has-text-align-center\" style=\"font-size:18px\">3. Izabela Pale\u0144 <strong>\u201e KIEDY\u015a TO BY\u0141O\u2026\u201d<\/strong><\/p>\n\n\n\n<p class=\"has-text-align-center\" style=\"font-size:18px\">4.Zuzanna Osek <strong>\u201e KOCHANY ROZUMIEM\u2026\u201d<\/strong><\/p>\n\n\n\n<p><\/p>\n\n\n\n<p class=\"has-text-align-center\" style=\"font-size:18px\"><strong>Kategoria: j\u0119zyk niemiecki<\/strong> <\/p>\n\n\n\n<p class=\"has-text-align-center\" style=\"font-size:18px\">I miejsce Klaudia Hymos kl.III B<\/p>\n\n\n\n<p class=\"has-text-align-center\" style=\"font-size:18px\">II miejsce Olga Mr\u00f3z kl.III G<\/p>\n\n\n\n<p class=\"has-text-align-center\" style=\"font-size:18px\">III miejsce Natalia Filipczuk kl.I G<\/p>\n\n\n\n<p><\/p>\n\n\n\n<p class=\"has-text-align-center\" style=\"font-size:18px\"><strong>Kategoria: j\u0119zyk angielski<\/strong> <\/p>\n\n\n\n<p class=\"has-text-align-center\" style=\"font-size:18px\">I miejsce Julia \u0141okcewicz kl.II J <strong>\u201e HAPPINESS IS A SKILL\u201d<\/strong><\/p>\n\n\n\n<p class=\"has-text-align-center\" style=\"font-size:18px\">II miejsce ex aequo:<\/p>\n\n\n\n<p class=\"has-text-align-center\" style=\"font-size:18px\">Olga Mr\u00f3z kl.III G <strong>\u201e WHALE , YOU`RE HAPPY`\u2019<\/strong><\/p>\n\n\n\n<p class=\"has-text-align-center\" style=\"font-size:18px\">Klaudia Hymos kl.III B <strong>\u201cHOW DO YOU DEFINE HAPINNESS?\u201d<\/strong><\/p>\n\n\n\n<p class=\"has-text-align-center\" style=\"font-size:18px\">III miejsce ex aequo :<\/p>\n\n\n\n<p class=\"has-text-align-center\" style=\"font-size:18px\">Natalia \u0141opata kl.III G <strong>\u201c WHAT IS TRUE HAPPINESS ? \u201c<\/strong><\/p>\n\n\n\n<p class=\"has-text-align-center\" style=\"font-size:18px\">Natalia Filipczuk kl.I G <strong>\u201c MANY PEOPLE WONDER\u2026\u201d<\/strong><\/p>\n\n\n\n<p class=\"has-text-align-center\" style=\"font-size:18px\">Wyr\u00f3\u017cnienie:<\/p>\n\n\n\n<p class=\"has-text-align-center\" style=\"font-size:18px\">Tomasz Such kl.III B <strong>\u201c DIFFERENT THINGS\u2026\u201d<\/strong><\/p>\n\n\n\n<p><\/p>\n\n\n\n<p class=\"has-text-align-center\" style=\"font-size:18px\">Nagrody ufundowali: Rada Rodzic\u00f3w V LO, wydawnictwa:Pearson,Oxford,Macmillan,WSiP<\/p>\n","protected":false},"excerpt":{"rendered":"<p>Z okazji Mi\u0119dzynarodowego Dnia Szcz\u0119\u015bcia, nauczyciele j\u0119zyk\u00f3w: polskiego, angielskiego i niemieckiego w V LO og\u0142osili konkurs dla uczni\u00f3w na napisanie pracy pt.\u201d Czym jest szcz\u0119\u015bcie?\u201d Oto werdykt jury: Kategoria: j\u0119zyk polski I miejsce Anna Rolewska kl. IG \u201e EUFORIA HUMANISTY\u201d II miejsce Oliwia Borys kl. IC \u201e PODR\u00d3\u017b DOKO\u0141A \u015aWIATA\u201d III miejsce ex aequo : [&hellip;]<\/p>\n","protected":false},"author":23,"featured_media":17403,"comment_status":"open","ping_status":"open","sticky":false,"template":"","format":"standard","meta":{"footnotes":""},"categories":[365,1,134],"tags":[],"_links":{"self":[{"href":"https:\/\/5lo.lublin.pl\/index.php?rest_route=\/wp\/v2\/posts\/17401"}],"collection":[{"href":"https:\/\/5lo.lublin.pl\/index.php?rest_route=\/wp\/v2\/posts"}],"about":[{"href":"https:\/\/5lo.lublin.pl\/index.php?rest_route=\/wp\/v2\/types\/post"}],"author":[{"embeddable":true,"href":"https:\/\/5lo.lublin.pl\/index.php?rest_route=\/wp\/v2\/users\/23"}],"replies":[{"embeddable":true,"href":"https:\/\/5lo.lublin.pl\/index.php?rest_route=%2Fwp%2Fv2%2Fcomments&post=17401"}],"version-history":[{"count":1,"href":"https:\/\/5lo.lublin.pl\/index.php?rest_route=\/wp\/v2\/posts\/17401\/revisions"}],"predecessor-version":[{"id":17421,"href":"https:\/\/5lo.lublin.pl\/index.php?rest_route=\/wp\/v2\/posts\/17401\/revisions\/17421"}],"wp:featuredmedia":[{"embeddable":true,"href":"https:\/\/5lo.lublin.pl\/index.php?rest_route=\/wp\/v2\/media\/17403"}],"wp:attachment":[{"href":"https:\/\/5lo.lublin.pl\/index.php?rest_route=%2Fwp%2Fv2%2Fmedia&parent=17401"}],"wp:term":[{"taxonomy":"category","embeddable":true,"href":"https:\/\/5lo.lublin.pl\/index.php?rest_route=%2Fwp%2Fv2%2Fcategories&post=17401"},{"taxonomy":"post_tag","embeddable":true,"href":"https:\/\/5lo.lublin.pl\/index.php?rest_route=%2Fwp%2Fv2%2Ftags&post=17401"}],"curies":[{"name":"wp","href":"https:\/\/api.w.org\/{rel}","templated":true}]}}