{"id":17330,"date":"2021-02-26T07:07:40","date_gmt":"2021-02-26T07:07:40","guid":{"rendered":"http:\/\/5lo.lublin.pl\/?p=17330"},"modified":"2021-02-26T07:07:44","modified_gmt":"2021-02-26T07:07:44","slug":"wernisaz-prac-plastycznych-uczennicy-klasy-ii-g","status":"publish","type":"post","link":"https:\/\/5lo.lublin.pl\/?p=17330","title":{"rendered":"Wernisa\u017c prac plastycznych uczennicy klasy II G"},"content":{"rendered":"\n<p style=\"font-size:18px\">W dniu 12 lutego w Galerii M\u0142odzie\u017cowego Domu Kultury &#8222;Pod Akacj\u0105&#8221;  odby\u0142a si\u0119 wystawa prac plastycznych uczennicy klasy II G <strong>Moniki Gawron<\/strong> pt.\u00a0<strong><em>&#8222;Codzienno\u015b\u0107&#8221;<\/em><\/strong>.<\/p>\n\n\n\n<p><\/p>\n\n\n\n<div class=\"wp-block-image\"><figure class=\"aligncenter size-large\"><img loading=\"lazy\" decoding=\"async\" width=\"548\" height=\"900\" src=\"https:\/\/5lo.lublin.pl\/wp-content\/uploads\/2021\/02\/Monika-Gawron.jpg\" alt=\"\" class=\"wp-image-17332\" srcset=\"https:\/\/5lo.lublin.pl\/wp-content\/uploads\/2021\/02\/Monika-Gawron.jpg 548w, https:\/\/5lo.lublin.pl\/wp-content\/uploads\/2021\/02\/Monika-Gawron-183x300.jpg 183w\" sizes=\"(max-width: 548px) 100vw, 548px\" \/><figcaption>Autor zdj\u0119\u0107: Anna Borowska<\/figcaption><\/figure><\/div>\n\n\n\n<p style=\"font-size:18px\">Wi\u0119cej informacji oraz zdj\u0119cia z wernisa\u017cu znajdziecie w artyku\u0142ach na stronie M\u0142odzie\u017cowego Domu Kultury: <\/p>\n\n\n\n<p style=\"font-size:18px\"><a rel=\"noreferrer noopener\" href=\"http:\/\/www.mdk.lublin.pl\/wydarzenia\/114-monika-gawron-codziennosc-21-wyd#.YDYoCehKiUl\" target=\"_blank\">Monika Gawron &#8211; Codzienno\u015b\u0107<\/a><\/p>\n\n\n\n<p style=\"font-size:18px\"><a rel=\"noreferrer noopener\" href=\"http:\/\/www.mdk.lublin.pl\/aktualnosci\/830-maja-monika-wystawy-21\" target=\"_blank\">Dwie wystawy, dwa wernisa\u017ce<\/a><\/p>\n\n\n\n<p style=\"font-size:18px\">Serdecznie gratulujemy autorce prac i \u017cyczymy dalszych sukces\u00f3w!<\/p>\n","protected":false},"excerpt":{"rendered":"<p>W dniu 12 lutego w Galerii M\u0142odzie\u017cowego Domu Kultury &#8222;Pod Akacj\u0105&#8221; odby\u0142a si\u0119 wystawa prac plastycznych uczennicy klasy II G Moniki Gawron pt.\u00a0&#8222;Codzienno\u015b\u0107&#8221;. Wi\u0119cej informacji oraz zdj\u0119cia z wernisa\u017cu znajdziecie w artyku\u0142ach na stronie M\u0142odzie\u017cowego Domu Kultury: Monika Gawron &#8211; Codzienno\u015b\u0107 Dwie wystawy, dwa wernisa\u017ce Serdecznie gratulujemy autorce prac i \u017cyczymy dalszych sukces\u00f3w!<\/p>\n","protected":false},"author":23,"featured_media":17331,"comment_status":"open","ping_status":"open","sticky":false,"template":"","format":"standard","meta":{"footnotes":""},"categories":[134,133],"tags":[],"_links":{"self":[{"href":"https:\/\/5lo.lublin.pl\/index.php?rest_route=\/wp\/v2\/posts\/17330"}],"collection":[{"href":"https:\/\/5lo.lublin.pl\/index.php?rest_route=\/wp\/v2\/posts"}],"about":[{"href":"https:\/\/5lo.lublin.pl\/index.php?rest_route=\/wp\/v2\/types\/post"}],"author":[{"embeddable":true,"href":"https:\/\/5lo.lublin.pl\/index.php?rest_route=\/wp\/v2\/users\/23"}],"replies":[{"embeddable":true,"href":"https:\/\/5lo.lublin.pl\/index.php?rest_route=%2Fwp%2Fv2%2Fcomments&post=17330"}],"version-history":[{"count":1,"href":"https:\/\/5lo.lublin.pl\/index.php?rest_route=\/wp\/v2\/posts\/17330\/revisions"}],"predecessor-version":[{"id":17335,"href":"https:\/\/5lo.lublin.pl\/index.php?rest_route=\/wp\/v2\/posts\/17330\/revisions\/17335"}],"wp:featuredmedia":[{"embeddable":true,"href":"https:\/\/5lo.lublin.pl\/index.php?rest_route=\/wp\/v2\/media\/17331"}],"wp:attachment":[{"href":"https:\/\/5lo.lublin.pl\/index.php?rest_route=%2Fwp%2Fv2%2Fmedia&parent=17330"}],"wp:term":[{"taxonomy":"category","embeddable":true,"href":"https:\/\/5lo.lublin.pl\/index.php?rest_route=%2Fwp%2Fv2%2Fcategories&post=17330"},{"taxonomy":"post_tag","embeddable":true,"href":"https:\/\/5lo.lublin.pl\/index.php?rest_route=%2Fwp%2Fv2%2Ftags&post=17330"}],"curies":[{"name":"wp","href":"https:\/\/api.w.org\/{rel}","templated":true}]}}