{"id":17314,"date":"2021-02-24T13:04:25","date_gmt":"2021-02-24T13:04:25","guid":{"rendered":"http:\/\/5lo.lublin.pl\/?p=17314"},"modified":"2021-02-24T13:09:18","modified_gmt":"2021-02-24T13:09:18","slug":"narodowy-dzien-pamieci-zolnierzy-wykletych","status":"publish","type":"post","link":"https:\/\/5lo.lublin.pl\/?p=17314","title":{"rendered":"Narodowy Dzie\u0144 Pami\u0119ci \u017bo\u0142nierzy Wykl\u0119tych"},"content":{"rendered":"\n<p style=\"font-size:18px\">Ustaw\u0105 Sejmu Rzeczypospolitej Polskiej z dnia 3 lutego 2011 roku dzie\u0144 <strong>1 marca<\/strong> ustanowiony zosta\u0142 <strong>Narodowym Dniem Pami\u0119ci \u017bo\u0142nierzy Wykl\u0119tych<\/strong>. W imieniu organizator\u00f3w zapraszamy do udzia\u0142u w tegorocznych uroczysto\u015bciach informuj\u0105c jednocze\u015bnie, \u017ce uczestnicy uroczysto\u015bci s\u0105 zobowi\u0105zani do przestrzegania obowi\u0105zuj\u0105cych rygor\u00f3w sanitarnych. G\u0142\u00f3wnym wydarzeniem obchod\u00f3w b\u0119dzie Msza \u015bw. w intencji poleg\u0142ych, zamordowanych i zmar\u0142ych \u017bo\u0142nierzy Wykl\u0119tych, odprawiona w dniu 1 marca 2021 r. o godzinie 12.30 w ko\u015bciele pw. Micha\u0142a Archanio\u0142a przy ul. Fabrycznej 19 w Lublinie.<\/p>\n\n\n\n<figure class=\"wp-block-image size-large\"><img loading=\"lazy\" decoding=\"async\" width=\"1024\" height=\"726\" src=\"https:\/\/5lo.lublin.pl\/wp-content\/uploads\/2021\/02\/dzw1-1024x726.png\" alt=\"\" class=\"wp-image-17315\" srcset=\"https:\/\/5lo.lublin.pl\/wp-content\/uploads\/2021\/02\/dzw1-1024x726.png 1024w, https:\/\/5lo.lublin.pl\/wp-content\/uploads\/2021\/02\/dzw1-300x213.png 300w, https:\/\/5lo.lublin.pl\/wp-content\/uploads\/2021\/02\/dzw1-768x545.png 768w, https:\/\/5lo.lublin.pl\/wp-content\/uploads\/2021\/02\/dzw1.png 1258w\" sizes=\"(max-width: 1024px) 100vw, 1024px\" \/><\/figure>\n\n\n\n<figure class=\"wp-block-image size-large\"><img loading=\"lazy\" decoding=\"async\" width=\"1024\" height=\"727\" src=\"https:\/\/5lo.lublin.pl\/wp-content\/uploads\/2021\/02\/dzw2-1024x727.png\" alt=\"\" class=\"wp-image-17316\" srcset=\"https:\/\/5lo.lublin.pl\/wp-content\/uploads\/2021\/02\/dzw2-1024x727.png 1024w, https:\/\/5lo.lublin.pl\/wp-content\/uploads\/2021\/02\/dzw2-300x213.png 300w, https:\/\/5lo.lublin.pl\/wp-content\/uploads\/2021\/02\/dzw2-768x546.png 768w, https:\/\/5lo.lublin.pl\/wp-content\/uploads\/2021\/02\/dzw2.png 1264w\" sizes=\"(max-width: 1024px) 100vw, 1024px\" \/><\/figure>\n","protected":false},"excerpt":{"rendered":"<p>Ustaw\u0105 Sejmu Rzeczypospolitej Polskiej z dnia 3 lutego 2011 roku dzie\u0144 1 marca ustanowiony zosta\u0142 Narodowym Dniem Pami\u0119ci \u017bo\u0142nierzy Wykl\u0119tych. W imieniu organizator\u00f3w zapraszamy do udzia\u0142u w tegorocznych uroczysto\u015bciach informuj\u0105c jednocze\u015bnie, \u017ce uczestnicy uroczysto\u015bci s\u0105 zobowi\u0105zani do przestrzegania obowi\u0105zuj\u0105cych rygor\u00f3w sanitarnych. G\u0142\u00f3wnym wydarzeniem obchod\u00f3w b\u0119dzie Msza \u015bw. w intencji poleg\u0142ych, zamordowanych i zmar\u0142ych \u017bo\u0142nierzy Wykl\u0119tych, [&hellip;]<\/p>\n","protected":false},"author":23,"featured_media":17317,"comment_status":"open","ping_status":"open","sticky":false,"template":"","format":"standard","meta":{"footnotes":""},"categories":[1,133],"tags":[],"_links":{"self":[{"href":"https:\/\/5lo.lublin.pl\/index.php?rest_route=\/wp\/v2\/posts\/17314"}],"collection":[{"href":"https:\/\/5lo.lublin.pl\/index.php?rest_route=\/wp\/v2\/posts"}],"about":[{"href":"https:\/\/5lo.lublin.pl\/index.php?rest_route=\/wp\/v2\/types\/post"}],"author":[{"embeddable":true,"href":"https:\/\/5lo.lublin.pl\/index.php?rest_route=\/wp\/v2\/users\/23"}],"replies":[{"embeddable":true,"href":"https:\/\/5lo.lublin.pl\/index.php?rest_route=%2Fwp%2Fv2%2Fcomments&post=17314"}],"version-history":[{"count":1,"href":"https:\/\/5lo.lublin.pl\/index.php?rest_route=\/wp\/v2\/posts\/17314\/revisions"}],"predecessor-version":[{"id":17321,"href":"https:\/\/5lo.lublin.pl\/index.php?rest_route=\/wp\/v2\/posts\/17314\/revisions\/17321"}],"wp:featuredmedia":[{"embeddable":true,"href":"https:\/\/5lo.lublin.pl\/index.php?rest_route=\/wp\/v2\/media\/17317"}],"wp:attachment":[{"href":"https:\/\/5lo.lublin.pl\/index.php?rest_route=%2Fwp%2Fv2%2Fmedia&parent=17314"}],"wp:term":[{"taxonomy":"category","embeddable":true,"href":"https:\/\/5lo.lublin.pl\/index.php?rest_route=%2Fwp%2Fv2%2Fcategories&post=17314"},{"taxonomy":"post_tag","embeddable":true,"href":"https:\/\/5lo.lublin.pl\/index.php?rest_route=%2Fwp%2Fv2%2Ftags&post=17314"}],"curies":[{"name":"wp","href":"https:\/\/api.w.org\/{rel}","templated":true}]}}