{"id":17161,"date":"2021-02-18T14:05:05","date_gmt":"2021-02-18T14:05:05","guid":{"rendered":"http:\/\/5lo.lublin.pl\/?p=17161"},"modified":"2021-02-18T18:20:11","modified_gmt":"2021-02-18T18:20:11","slug":"23-lutego-ogolnopolski-dzien-walki-z-depresja","status":"publish","type":"post","link":"https:\/\/5lo.lublin.pl\/?p=17161","title":{"rendered":"23 lutego \u2013 Og\u00f3lnopolski Dzie\u0144 Walki z\u00a0Depresj\u0105"},"content":{"rendered":"\n<p style=\"font-size:17px\">Kiedy\u015b by\u0142a nazywana chorob\u0105 afektywn\u0105, dzisiaj zaliczamy j\u0105 do&nbsp;zaburze\u0144 nastroju. Depresja \u2013 niezale\u017cnie od&nbsp;nazwy towarzyszy kolejnym pokoleniom. Okazywaniu solidarno\u015bci z&nbsp;chorymi, oswajaniu tematu chor\u00f3b psychicznych oraz&nbsp;rozpowszechnianiu dzia\u0142a\u0144 maj\u0105cych na&nbsp;celu wspieranie podejmowania leczenia ma s\u0142u\u017cy\u0107 obchodzony <strong>23 lutego Og\u00f3lnopolski Dzie\u0144 Walki z&nbsp;Depresj\u0105.<\/strong><\/p>\n\n\n\n<p style=\"font-size:17px\"><strong>Od 15.02.2021r<\/strong>. specjali\u015bci: pedagog, psychoterapeuta dzieci i m\u0142odzie\u017cy, socjoterapeuta, interwent kryzysowy, instruktor terapii uzale\u017cnie\u0144, rozpoczynaj\u0105 dy\u017cur przy telefonie przeznaczonym do kontaktu dla m\u0142odzie\u017cy, rodzic\u00f3w i nauczycieli potrzebuj\u0105cych wsparcia w obszarze zdrowia psychicznego. Telefon b\u0119dzie <strong>aktywny do ko\u0144ca 2022 roku<\/strong> w dni powszednie (\u0142\u0105cznie z wakacjami) <strong>w godz.13.00-15.00<\/strong>. Numer telefonu zaufania<strong>: 536 080 154<\/strong>. Ponadto uruchomiono dedykowany wsparciu m\u0142odzie\u017cy, rodzic\u00f3w i nauczycieli adres e-mail:<strong> pomoc@sempre.org.pl<\/strong><\/p>\n\n\n\n<div class=\"wp-block-file\"><a href=\"https:\/\/5lo.lublin.pl\/wp-content\/uploads\/2021\/02\/Co-powinnismy-wiedziec-o-zdrowiu-psychicznym-i-depresji.pdf\" target=\"_blank\" rel=\"noreferrer noopener\"><img loading=\"lazy\" decoding=\"async\" width=\"616\" height=\"860\" class=\"wp-image-17164\" style=\"width: 300px;\" src=\"https:\/\/5lo.lublin.pl\/wp-content\/uploads\/2021\/02\/dep.png\" alt=\"\" srcset=\"https:\/\/5lo.lublin.pl\/wp-content\/uploads\/2021\/02\/dep.png 616w, https:\/\/5lo.lublin.pl\/wp-content\/uploads\/2021\/02\/dep-215x300.png 215w\" sizes=\"(max-width: 616px) 100vw, 616px\" \/><\/a><a href=\"https:\/\/5lo.lublin.pl\/wp-content\/uploads\/2021\/02\/Co-powinnismy-wiedziec-o-zdrowiu-psychicznym-i-depresji.pdf\" class=\"wp-block-file__button\" download>Pobierz<\/a><\/div>\n\n\n\n<p><\/p>\n\n\n\n<p style=\"font-size:17px\"><strong>Przygotowanie: pedagog szkolny we wsp\u00f3\u0142pracy ze Szkolnym Klubem UNESCO<\/strong><\/p>\n","protected":false},"excerpt":{"rendered":"<p>Kiedy\u015b by\u0142a nazywana chorob\u0105 afektywn\u0105, dzisiaj zaliczamy j\u0105 do&nbsp;zaburze\u0144 nastroju. Depresja \u2013 niezale\u017cnie od&nbsp;nazwy towarzyszy kolejnym pokoleniom. Okazywaniu solidarno\u015bci z&nbsp;chorymi, oswajaniu tematu chor\u00f3b psychicznych oraz&nbsp;rozpowszechnianiu dzia\u0142a\u0144 maj\u0105cych na&nbsp;celu wspieranie podejmowania leczenia ma s\u0142u\u017cy\u0107 obchodzony 23 lutego Og\u00f3lnopolski Dzie\u0144 Walki z&nbsp;Depresj\u0105. Od 15.02.2021r. specjali\u015bci: pedagog, psychoterapeuta dzieci i m\u0142odzie\u017cy, socjoterapeuta, interwent kryzysowy, instruktor terapii uzale\u017cnie\u0144, rozpoczynaj\u0105 [&hellip;]<\/p>\n","protected":false},"author":23,"featured_media":17162,"comment_status":"open","ping_status":"open","sticky":false,"template":"","format":"standard","meta":{"footnotes":""},"categories":[153,343,133],"tags":[],"_links":{"self":[{"href":"https:\/\/5lo.lublin.pl\/index.php?rest_route=\/wp\/v2\/posts\/17161"}],"collection":[{"href":"https:\/\/5lo.lublin.pl\/index.php?rest_route=\/wp\/v2\/posts"}],"about":[{"href":"https:\/\/5lo.lublin.pl\/index.php?rest_route=\/wp\/v2\/types\/post"}],"author":[{"embeddable":true,"href":"https:\/\/5lo.lublin.pl\/index.php?rest_route=\/wp\/v2\/users\/23"}],"replies":[{"embeddable":true,"href":"https:\/\/5lo.lublin.pl\/index.php?rest_route=%2Fwp%2Fv2%2Fcomments&post=17161"}],"version-history":[{"count":1,"href":"https:\/\/5lo.lublin.pl\/index.php?rest_route=\/wp\/v2\/posts\/17161\/revisions"}],"predecessor-version":[{"id":17174,"href":"https:\/\/5lo.lublin.pl\/index.php?rest_route=\/wp\/v2\/posts\/17161\/revisions\/17174"}],"wp:featuredmedia":[{"embeddable":true,"href":"https:\/\/5lo.lublin.pl\/index.php?rest_route=\/wp\/v2\/media\/17162"}],"wp:attachment":[{"href":"https:\/\/5lo.lublin.pl\/index.php?rest_route=%2Fwp%2Fv2%2Fmedia&parent=17161"}],"wp:term":[{"taxonomy":"category","embeddable":true,"href":"https:\/\/5lo.lublin.pl\/index.php?rest_route=%2Fwp%2Fv2%2Fcategories&post=17161"},{"taxonomy":"post_tag","embeddable":true,"href":"https:\/\/5lo.lublin.pl\/index.php?rest_route=%2Fwp%2Fv2%2Ftags&post=17161"}],"curies":[{"name":"wp","href":"https:\/\/api.w.org\/{rel}","templated":true}]}}