{"id":17113,"date":"2021-02-13T16:38:59","date_gmt":"2021-02-13T16:38:59","guid":{"rendered":"http:\/\/5lo.lublin.pl\/?p=17113"},"modified":"2021-02-13T16:39:02","modified_gmt":"2021-02-13T16:39:02","slug":"uczniowie-v-lo-w-gronie-najlepszych-w-kraju","status":"publish","type":"post","link":"https:\/\/5lo.lublin.pl\/?p=17113","title":{"rendered":"Uczniowie V LO w gronie najlepszych w kraju"},"content":{"rendered":"\n<p><\/p>\n\n\n\n<p style=\"font-size:18px\">W dniu 13 lutego 2021r.  <strong>Micha\u0142 Sierpi\u0144ski <\/strong>(ucze\u0144 klasy II H) oraz <strong>Aneta Barszcz<\/strong> (uczennica klasy III F) awansowali do fina\u0142u <strong>Og\u00f3lnopolskiej Olimpiady Wiedzy o Unii Europejskiej<\/strong> uzyskuj\u0105c drugi i trzeci wynik w eliminacjach okr\u0119gowych w wojew\u00f3dztwie lubelskim. <\/p>\n\n\n\n<p style=\"font-size:18px\">Serdecznie gratulujemy i \u017cyczymy powodzenia na etapie centralnym.<\/p>\n\n\n\n<p style=\"font-size:18px\">Opiekunowie: p. Ryszard Kotowski, p. \u0141ukasz Kopytko<\/p>\n","protected":false},"excerpt":{"rendered":"<p>W dniu 13 lutego 2021r. Micha\u0142 Sierpi\u0144ski (ucze\u0144 klasy II H) oraz Aneta Barszcz (uczennica klasy III F) awansowali do fina\u0142u Og\u00f3lnopolskiej Olimpiady Wiedzy o Unii Europejskiej uzyskuj\u0105c drugi i trzeci wynik w eliminacjach okr\u0119gowych w wojew\u00f3dztwie lubelskim. Serdecznie gratulujemy i \u017cyczymy powodzenia na etapie centralnym. Opiekunowie: p. Ryszard Kotowski, p. \u0141ukasz Kopytko<\/p>\n","protected":false},"author":23,"featured_media":17116,"comment_status":"open","ping_status":"open","sticky":false,"template":"","format":"standard","meta":{"footnotes":""},"categories":[1,360,134],"tags":[],"_links":{"self":[{"href":"https:\/\/5lo.lublin.pl\/index.php?rest_route=\/wp\/v2\/posts\/17113"}],"collection":[{"href":"https:\/\/5lo.lublin.pl\/index.php?rest_route=\/wp\/v2\/posts"}],"about":[{"href":"https:\/\/5lo.lublin.pl\/index.php?rest_route=\/wp\/v2\/types\/post"}],"author":[{"embeddable":true,"href":"https:\/\/5lo.lublin.pl\/index.php?rest_route=\/wp\/v2\/users\/23"}],"replies":[{"embeddable":true,"href":"https:\/\/5lo.lublin.pl\/index.php?rest_route=%2Fwp%2Fv2%2Fcomments&post=17113"}],"version-history":[{"count":1,"href":"https:\/\/5lo.lublin.pl\/index.php?rest_route=\/wp\/v2\/posts\/17113\/revisions"}],"predecessor-version":[{"id":17118,"href":"https:\/\/5lo.lublin.pl\/index.php?rest_route=\/wp\/v2\/posts\/17113\/revisions\/17118"}],"wp:featuredmedia":[{"embeddable":true,"href":"https:\/\/5lo.lublin.pl\/index.php?rest_route=\/wp\/v2\/media\/17116"}],"wp:attachment":[{"href":"https:\/\/5lo.lublin.pl\/index.php?rest_route=%2Fwp%2Fv2%2Fmedia&parent=17113"}],"wp:term":[{"taxonomy":"category","embeddable":true,"href":"https:\/\/5lo.lublin.pl\/index.php?rest_route=%2Fwp%2Fv2%2Fcategories&post=17113"},{"taxonomy":"post_tag","embeddable":true,"href":"https:\/\/5lo.lublin.pl\/index.php?rest_route=%2Fwp%2Fv2%2Ftags&post=17113"}],"curies":[{"name":"wp","href":"https:\/\/api.w.org\/{rel}","templated":true}]}}