{"id":17044,"date":"2021-02-09T08:13:31","date_gmt":"2021-02-09T08:13:31","guid":{"rendered":"http:\/\/5lo.lublin.pl\/?p=17044"},"modified":"2021-02-09T08:13:35","modified_gmt":"2021-02-09T08:13:35","slug":"81-rocznica-masowych-deportacji-polakow-na-sybir","status":"publish","type":"post","link":"https:\/\/5lo.lublin.pl\/?p=17044","title":{"rendered":"81 rocznica masowych deportacji Polak\u00f3w na Sybir"},"content":{"rendered":"\n<p class=\"has-normal-font-size\">W 2021 roku obchodzona jest 81 rocznica masowych deportacji Polak\u00f3w na Sybir. G\u0142\u00f3wnym punktem tegorocznych uroczysto\u015bci b\u0119dzie Msza \u015bw. w intencji Polak\u00f3w zmar\u0142ych i pomordowanych na zes\u0142aniu, odprawiana w dniu 10 lutego 2021 roku o godz. 11.00 w ko\u015bciele pw. Wniebowzi\u0119cia NMP Zwyci\u0119skiej przy ul. Narutowicza 6 z udzia\u0142em poczt\u00f3w sztandarowych. Po Mszy \u015bw. delegacja uczestnik\u00f3w uroczysto\u015bci przejdzie pod pomnik Matki Sybiraczki, gdzie zaplanowano odegranie hymnu Sybirak\u00f3w i z\u0142o\u017cenie kwiat\u00f3w oraz zapalenie zniczy. W imieniu organizator\u00f3w zapraszam Pa\u0144stwa Dyrektor\u00f3w i Spo\u0142eczno\u015b\u0107 Pa\u0144stwa Plac\u00f3wek do udzia\u0142u w uroczysto\u015bciach informuj\u0105c jednocze\u015bnie, \u017ce uczestnicy uroczysto\u015bci s\u0105 zobowi\u0105zani do przestrzegania obowi\u0105zuj\u0105cych rygor\u00f3w sanitarnych.<\/p>\n\n\n\n<div class=\"wp-block-image\"><figure class=\"aligncenter size-large\"><img loading=\"lazy\" decoding=\"async\" width=\"1024\" height=\"736\" src=\"https:\/\/5lo.lublin.pl\/wp-content\/uploads\/2021\/02\/syb2-1024x736.png\" alt=\"\" class=\"wp-image-17046\" srcset=\"https:\/\/5lo.lublin.pl\/wp-content\/uploads\/2021\/02\/syb2-1024x736.png 1024w, https:\/\/5lo.lublin.pl\/wp-content\/uploads\/2021\/02\/syb2-300x216.png 300w, https:\/\/5lo.lublin.pl\/wp-content\/uploads\/2021\/02\/syb2-768x552.png 768w, https:\/\/5lo.lublin.pl\/wp-content\/uploads\/2021\/02\/syb2.png 1250w\" sizes=\"(max-width: 1024px) 100vw, 1024px\" \/><\/figure><\/div>\n","protected":false},"excerpt":{"rendered":"<p>W 2021 roku obchodzona jest 81 rocznica masowych deportacji Polak\u00f3w na Sybir. G\u0142\u00f3wnym punktem tegorocznych uroczysto\u015bci b\u0119dzie Msza \u015bw. w intencji Polak\u00f3w zmar\u0142ych i pomordowanych na zes\u0142aniu, odprawiana w dniu 10 lutego 2021 roku o godz. 11.00 w ko\u015bciele pw. Wniebowzi\u0119cia NMP Zwyci\u0119skiej przy ul. Narutowicza 6 z udzia\u0142em poczt\u00f3w sztandarowych. Po Mszy \u015bw. delegacja [&hellip;]<\/p>\n","protected":false},"author":23,"featured_media":17045,"comment_status":"open","ping_status":"open","sticky":false,"template":"","format":"standard","meta":{"footnotes":""},"categories":[1,133],"tags":[],"_links":{"self":[{"href":"https:\/\/5lo.lublin.pl\/index.php?rest_route=\/wp\/v2\/posts\/17044"}],"collection":[{"href":"https:\/\/5lo.lublin.pl\/index.php?rest_route=\/wp\/v2\/posts"}],"about":[{"href":"https:\/\/5lo.lublin.pl\/index.php?rest_route=\/wp\/v2\/types\/post"}],"author":[{"embeddable":true,"href":"https:\/\/5lo.lublin.pl\/index.php?rest_route=\/wp\/v2\/users\/23"}],"replies":[{"embeddable":true,"href":"https:\/\/5lo.lublin.pl\/index.php?rest_route=%2Fwp%2Fv2%2Fcomments&post=17044"}],"version-history":[{"count":1,"href":"https:\/\/5lo.lublin.pl\/index.php?rest_route=\/wp\/v2\/posts\/17044\/revisions"}],"predecessor-version":[{"id":17048,"href":"https:\/\/5lo.lublin.pl\/index.php?rest_route=\/wp\/v2\/posts\/17044\/revisions\/17048"}],"wp:featuredmedia":[{"embeddable":true,"href":"https:\/\/5lo.lublin.pl\/index.php?rest_route=\/wp\/v2\/media\/17045"}],"wp:attachment":[{"href":"https:\/\/5lo.lublin.pl\/index.php?rest_route=%2Fwp%2Fv2%2Fmedia&parent=17044"}],"wp:term":[{"taxonomy":"category","embeddable":true,"href":"https:\/\/5lo.lublin.pl\/index.php?rest_route=%2Fwp%2Fv2%2Fcategories&post=17044"},{"taxonomy":"post_tag","embeddable":true,"href":"https:\/\/5lo.lublin.pl\/index.php?rest_route=%2Fwp%2Fv2%2Ftags&post=17044"}],"curies":[{"name":"wp","href":"https:\/\/api.w.org\/{rel}","templated":true}]}}