{"id":16986,"date":"2021-02-01T15:54:03","date_gmt":"2021-02-01T15:54:03","guid":{"rendered":"http:\/\/5lo.lublin.pl\/?p=16986"},"modified":"2021-02-07T14:49:39","modified_gmt":"2021-02-07T14:49:39","slug":"awans-ucznia-v-lo-do-etapu-centralnego-xlvii-olimpiady-historycznej","status":"publish","type":"post","link":"https:\/\/5lo.lublin.pl\/?p=16986","title":{"rendered":"Awans ucznia V LO do etapu centralnego XLVII Olimpiady Historycznej"},"content":{"rendered":"\n<p class=\"has-text-align-center\" style=\"font-size:17px\">Z przyjemno\u015bci\u0105 informujemy, \u017ce do centralnego etapu XLVII Olimpiady Historycznej <br \/>zakwalifikowa\u0142 si\u0119 <strong>Miko\u0142aj Snop<\/strong> ucze\u0144 klasy 3h.<\/p>\n\n\n\n<p class=\"has-text-align-center\" style=\"font-size:17px\">Serdecznie gratulujemy i \u017cyczymy dalszych sukces\u00f3w.<\/p>\n\n\n\n<p class=\"has-text-align-center\" style=\"font-size:17px\">Opiekun: p. Jaros\u0142aw Bonecki<\/p>\n","protected":false},"excerpt":{"rendered":"<p>Z przyjemno\u015bci\u0105 informujemy, \u017ce do centralnego etapu XLVII Olimpiady Historycznej zakwalifikowa\u0142 si\u0119 Miko\u0142aj Snop ucze\u0144 klasy 3h. Serdecznie gratulujemy i \u017cyczymy dalszych sukces\u00f3w. Opiekun: p. Jaros\u0142aw Bonecki<\/p>\n","protected":false},"author":23,"featured_media":16798,"comment_status":"open","ping_status":"open","sticky":false,"template":"","format":"standard","meta":{"footnotes":""},"categories":[1,360,134],"tags":[],"_links":{"self":[{"href":"https:\/\/5lo.lublin.pl\/index.php?rest_route=\/wp\/v2\/posts\/16986"}],"collection":[{"href":"https:\/\/5lo.lublin.pl\/index.php?rest_route=\/wp\/v2\/posts"}],"about":[{"href":"https:\/\/5lo.lublin.pl\/index.php?rest_route=\/wp\/v2\/types\/post"}],"author":[{"embeddable":true,"href":"https:\/\/5lo.lublin.pl\/index.php?rest_route=\/wp\/v2\/users\/23"}],"replies":[{"embeddable":true,"href":"https:\/\/5lo.lublin.pl\/index.php?rest_route=%2Fwp%2Fv2%2Fcomments&post=16986"}],"version-history":[{"count":1,"href":"https:\/\/5lo.lublin.pl\/index.php?rest_route=\/wp\/v2\/posts\/16986\/revisions"}],"predecessor-version":[{"id":16990,"href":"https:\/\/5lo.lublin.pl\/index.php?rest_route=\/wp\/v2\/posts\/16986\/revisions\/16990"}],"wp:featuredmedia":[{"embeddable":true,"href":"https:\/\/5lo.lublin.pl\/index.php?rest_route=\/wp\/v2\/media\/16798"}],"wp:attachment":[{"href":"https:\/\/5lo.lublin.pl\/index.php?rest_route=%2Fwp%2Fv2%2Fmedia&parent=16986"}],"wp:term":[{"taxonomy":"category","embeddable":true,"href":"https:\/\/5lo.lublin.pl\/index.php?rest_route=%2Fwp%2Fv2%2Fcategories&post=16986"},{"taxonomy":"post_tag","embeddable":true,"href":"https:\/\/5lo.lublin.pl\/index.php?rest_route=%2Fwp%2Fv2%2Ftags&post=16986"}],"curies":[{"name":"wp","href":"https:\/\/api.w.org\/{rel}","templated":true}]}}