{"id":16977,"date":"2021-02-01T14:21:40","date_gmt":"2021-02-01T14:21:40","guid":{"rendered":"http:\/\/5lo.lublin.pl\/?p=16977"},"modified":"2021-02-01T14:21:44","modified_gmt":"2021-02-01T14:21:44","slug":"godziny-pracy-biblioteki-szkolnej-w-ii-semestrze","status":"publish","type":"post","link":"https:\/\/5lo.lublin.pl\/?p=16977","title":{"rendered":"Godziny pracy biblioteki szkolnej w II semestrze"},"content":{"rendered":"\n<p class=\"has-text-align-center\" style=\"font-size:17px\">Przedstawiamy godziny pracy biblioteki w drugim semestrze:<\/p>\n\n\n\n<p class=\"has-text-align-center\" style=\"font-size:17px\">Poniedzia\u0142ek   08:00 &#8211; 16:00<\/p>\n\n\n\n<p class=\"has-text-align-center\" style=\"font-size:17px\">Wtorek 08:00 &#8211; 17:00<\/p>\n\n\n\n<p class=\"has-text-align-center\" style=\"font-size:17px\">\u015aroda 08:00 &#8211; 16:00<\/p>\n\n\n\n<p class=\"has-text-align-center\" style=\"font-size:17px\">Czwartek 08:00 &#8211; 17:00<\/p>\n\n\n\n<p class=\"has-text-align-center\" style=\"font-size:17px\">Pi\u0105tek 10:00 &#8211; 16:00<\/p>\n\n\n\n<p style=\"font-size:17px\">W godzinach pracy biblioteki szkolnej uczniowie mog\u0105 skorzysta\u0107 z ksi\u0119gozbioru (zwr\u00f3ci\u0107 i wypo\u017cyczy\u0107 ksi\u0105\u017cki).<br \/>Wej\u015bcie do szko\u0142y od parkingu od ul. Marii Curie-Sk\u0142odowskiej.<br \/>Przypominamy o przestrzeganiu obowi\u0105zuj\u0105cych zasad re\u017cimu sanitarnego (MASECZKA, DEZYNFEKCJA R\u0104K, ZACHOWANIE DYSTANSU).<\/p>\n","protected":false},"excerpt":{"rendered":"<p>Przedstawiamy godziny pracy biblioteki w drugim semestrze: Poniedzia\u0142ek 08:00 &#8211; 16:00 Wtorek 08:00 &#8211; 17:00 \u015aroda 08:00 &#8211; 16:00 Czwartek 08:00 &#8211; 17:00 Pi\u0105tek 10:00 &#8211; 16:00 W godzinach pracy biblioteki szkolnej uczniowie mog\u0105 skorzysta\u0107 z ksi\u0119gozbioru (zwr\u00f3ci\u0107 i wypo\u017cyczy\u0107 ksi\u0105\u017cki).Wej\u015bcie do szko\u0142y od parkingu od ul. Marii Curie-Sk\u0142odowskiej.Przypominamy o przestrzeganiu obowi\u0105zuj\u0105cych zasad re\u017cimu sanitarnego [&hellip;]<\/p>\n","protected":false},"author":23,"featured_media":16327,"comment_status":"open","ping_status":"open","sticky":false,"template":"","format":"standard","meta":{"footnotes":""},"categories":[222,345,1],"tags":[],"_links":{"self":[{"href":"https:\/\/5lo.lublin.pl\/index.php?rest_route=\/wp\/v2\/posts\/16977"}],"collection":[{"href":"https:\/\/5lo.lublin.pl\/index.php?rest_route=\/wp\/v2\/posts"}],"about":[{"href":"https:\/\/5lo.lublin.pl\/index.php?rest_route=\/wp\/v2\/types\/post"}],"author":[{"embeddable":true,"href":"https:\/\/5lo.lublin.pl\/index.php?rest_route=\/wp\/v2\/users\/23"}],"replies":[{"embeddable":true,"href":"https:\/\/5lo.lublin.pl\/index.php?rest_route=%2Fwp%2Fv2%2Fcomments&post=16977"}],"version-history":[{"count":1,"href":"https:\/\/5lo.lublin.pl\/index.php?rest_route=\/wp\/v2\/posts\/16977\/revisions"}],"predecessor-version":[{"id":16985,"href":"https:\/\/5lo.lublin.pl\/index.php?rest_route=\/wp\/v2\/posts\/16977\/revisions\/16985"}],"wp:featuredmedia":[{"embeddable":true,"href":"https:\/\/5lo.lublin.pl\/index.php?rest_route=\/wp\/v2\/media\/16327"}],"wp:attachment":[{"href":"https:\/\/5lo.lublin.pl\/index.php?rest_route=%2Fwp%2Fv2%2Fmedia&parent=16977"}],"wp:term":[{"taxonomy":"category","embeddable":true,"href":"https:\/\/5lo.lublin.pl\/index.php?rest_route=%2Fwp%2Fv2%2Fcategories&post=16977"},{"taxonomy":"post_tag","embeddable":true,"href":"https:\/\/5lo.lublin.pl\/index.php?rest_route=%2Fwp%2Fv2%2Ftags&post=16977"}],"curies":[{"name":"wp","href":"https:\/\/api.w.org\/{rel}","templated":true}]}}