{"id":16970,"date":"2021-02-01T12:34:38","date_gmt":"2021-02-01T12:34:38","guid":{"rendered":"http:\/\/5lo.lublin.pl\/?p=16970"},"modified":"2021-02-07T14:50:40","modified_gmt":"2021-02-07T14:50:40","slug":"uczennica-v-lo-w-gronie-najlepszych-w-kraju","status":"publish","type":"post","link":"https:\/\/5lo.lublin.pl\/?p=16970","title":{"rendered":"Uczennica V LO w gronie najlepszych w kraju"},"content":{"rendered":"\n<p><\/p>\n\n\n\n<p style=\"font-size:18px\">W dniu 30 stycznia 2021r. <strong>Aneta Barszcz<\/strong> uczennica klasy III F ( mat &#8211; geo &#8211; wos) awansowa\u0142a do fina\u0142u Olimpiady Wiedzy o Prawach Cz\u0142owieka w \u015awiecie Wsp\u00f3\u0142czesnym uzyskuj\u0105c drugi wynik w eliminacjach okr\u0119gowych w wojew\u00f3dztwie lubelskim. <\/p>\n\n\n\n<p style=\"font-size:18px\">Serdecznie gratulujemy i \u017cyczymy powodzenia na etapie centralnym.<\/p>\n\n\n\n<p style=\"font-size:18px\">Opiekunowie: p. Ryszard Kotowski, p. \u0141ukasz Kopytko<\/p>\n","protected":false},"excerpt":{"rendered":"<p>W dniu 30 stycznia 2021r. Aneta Barszcz uczennica klasy III F ( mat &#8211; geo &#8211; wos) awansowa\u0142a do fina\u0142u Olimpiady Wiedzy o Prawach Cz\u0142owieka w \u015awiecie Wsp\u00f3\u0142czesnym uzyskuj\u0105c drugi wynik w eliminacjach okr\u0119gowych w wojew\u00f3dztwie lubelskim. Serdecznie gratulujemy i \u017cyczymy powodzenia na etapie centralnym. Opiekunowie: p. Ryszard Kotowski, p. \u0141ukasz Kopytko<\/p>\n","protected":false},"author":23,"featured_media":16971,"comment_status":"open","ping_status":"open","sticky":false,"template":"","format":"standard","meta":{"footnotes":""},"categories":[1,360,134],"tags":[],"_links":{"self":[{"href":"https:\/\/5lo.lublin.pl\/index.php?rest_route=\/wp\/v2\/posts\/16970"}],"collection":[{"href":"https:\/\/5lo.lublin.pl\/index.php?rest_route=\/wp\/v2\/posts"}],"about":[{"href":"https:\/\/5lo.lublin.pl\/index.php?rest_route=\/wp\/v2\/types\/post"}],"author":[{"embeddable":true,"href":"https:\/\/5lo.lublin.pl\/index.php?rest_route=\/wp\/v2\/users\/23"}],"replies":[{"embeddable":true,"href":"https:\/\/5lo.lublin.pl\/index.php?rest_route=%2Fwp%2Fv2%2Fcomments&post=16970"}],"version-history":[{"count":1,"href":"https:\/\/5lo.lublin.pl\/index.php?rest_route=\/wp\/v2\/posts\/16970\/revisions"}],"predecessor-version":[{"id":16975,"href":"https:\/\/5lo.lublin.pl\/index.php?rest_route=\/wp\/v2\/posts\/16970\/revisions\/16975"}],"wp:featuredmedia":[{"embeddable":true,"href":"https:\/\/5lo.lublin.pl\/index.php?rest_route=\/wp\/v2\/media\/16971"}],"wp:attachment":[{"href":"https:\/\/5lo.lublin.pl\/index.php?rest_route=%2Fwp%2Fv2%2Fmedia&parent=16970"}],"wp:term":[{"taxonomy":"category","embeddable":true,"href":"https:\/\/5lo.lublin.pl\/index.php?rest_route=%2Fwp%2Fv2%2Fcategories&post=16970"},{"taxonomy":"post_tag","embeddable":true,"href":"https:\/\/5lo.lublin.pl\/index.php?rest_route=%2Fwp%2Fv2%2Ftags&post=16970"}],"curies":[{"name":"wp","href":"https:\/\/api.w.org\/{rel}","templated":true}]}}