{"id":16934,"date":"2021-01-29T16:43:27","date_gmt":"2021-01-29T16:43:27","guid":{"rendered":"http:\/\/5lo.lublin.pl\/?p=16934"},"modified":"2021-01-29T16:44:13","modified_gmt":"2021-01-29T16:44:13","slug":"terminy-postepowania-rekrutacyjnego-na-rok-szkolny-2021-2022","status":"publish","type":"post","link":"https:\/\/5lo.lublin.pl\/?p=16934","title":{"rendered":"Terminy post\u0119powania rekrutacyjnego na rok szkolny 2021\/2022"},"content":{"rendered":"\n<p style=\"font-size:18px\">Szanowni Pa\u0144stwo,<\/p>\n\n\n\n<p style=\"font-size:18px\">Zach\u0119camy do zapoznania si\u0119 z terminami post\u0119powania rekrutacyjnego na rok szkolny 2021\/2022 zamieszczonymi na<a href=\"https:\/\/www.kuratorium.lublin.pl\/?akc=akt&amp;op=szcz&amp;id=11026\" data-type=\"URL\" data-id=\"https:\/\/www.kuratorium.lublin.pl\/?akc=akt&amp;op=szcz&amp;id=11026\" target=\"_blank\" rel=\"noreferrer noopener\"> stronie internetowej <\/a>Kuratorium O\u015bwiaty w Lublinie.<\/p>\n\n\n\n<p style=\"font-size:18px\">Ustalony przez Ministra Edukacji i Nauki harmonogram post\u0119powania rekrutacyjnego do szk\u00f3\u0142 dla m\u0142odzie\u017cy dostosowany jest do zmienionego harmonogramu przeprowadzanych egzamin\u00f3w \u00f3smoklasisty, w tym terminu wydania za\u015bwiadczenia o wyniku tego egzaminu przez Okr\u0119gowe Komisje Egzaminacyjne.<\/p>\n","protected":false},"excerpt":{"rendered":"<p>Szanowni Pa\u0144stwo, Zach\u0119camy do zapoznania si\u0119 z terminami post\u0119powania rekrutacyjnego na rok szkolny 2021\/2022 zamieszczonymi na stronie internetowej Kuratorium O\u015bwiaty w Lublinie. Ustalony przez Ministra Edukacji i Nauki harmonogram post\u0119powania rekrutacyjnego do szk\u00f3\u0142 dla m\u0142odzie\u017cy dostosowany jest do zmienionego harmonogramu przeprowadzanych egzamin\u00f3w \u00f3smoklasisty, w tym terminu wydania za\u015bwiadczenia o wyniku tego egzaminu przez Okr\u0119gowe Komisje [&hellip;]<\/p>\n","protected":false},"author":23,"featured_media":16935,"comment_status":"open","ping_status":"open","sticky":false,"template":"","format":"standard","meta":{"footnotes":""},"categories":[1,340],"tags":[],"_links":{"self":[{"href":"https:\/\/5lo.lublin.pl\/index.php?rest_route=\/wp\/v2\/posts\/16934"}],"collection":[{"href":"https:\/\/5lo.lublin.pl\/index.php?rest_route=\/wp\/v2\/posts"}],"about":[{"href":"https:\/\/5lo.lublin.pl\/index.php?rest_route=\/wp\/v2\/types\/post"}],"author":[{"embeddable":true,"href":"https:\/\/5lo.lublin.pl\/index.php?rest_route=\/wp\/v2\/users\/23"}],"replies":[{"embeddable":true,"href":"https:\/\/5lo.lublin.pl\/index.php?rest_route=%2Fwp%2Fv2%2Fcomments&post=16934"}],"version-history":[{"count":1,"href":"https:\/\/5lo.lublin.pl\/index.php?rest_route=\/wp\/v2\/posts\/16934\/revisions"}],"predecessor-version":[{"id":16937,"href":"https:\/\/5lo.lublin.pl\/index.php?rest_route=\/wp\/v2\/posts\/16934\/revisions\/16937"}],"wp:featuredmedia":[{"embeddable":true,"href":"https:\/\/5lo.lublin.pl\/index.php?rest_route=\/wp\/v2\/media\/16935"}],"wp:attachment":[{"href":"https:\/\/5lo.lublin.pl\/index.php?rest_route=%2Fwp%2Fv2%2Fmedia&parent=16934"}],"wp:term":[{"taxonomy":"category","embeddable":true,"href":"https:\/\/5lo.lublin.pl\/index.php?rest_route=%2Fwp%2Fv2%2Fcategories&post=16934"},{"taxonomy":"post_tag","embeddable":true,"href":"https:\/\/5lo.lublin.pl\/index.php?rest_route=%2Fwp%2Fv2%2Ftags&post=16934"}],"curies":[{"name":"wp","href":"https:\/\/api.w.org\/{rel}","templated":true}]}}