{"id":16869,"date":"2021-01-20T13:38:03","date_gmt":"2021-01-20T13:38:03","guid":{"rendered":"http:\/\/5lo.lublin.pl\/?p=16869"},"modified":"2021-01-25T18:50:42","modified_gmt":"2021-01-25T18:50:42","slug":"spotkania-z-rodzicami-2","status":"publish","type":"post","link":"https:\/\/5lo.lublin.pl\/?p=16869","title":{"rendered":"Spotkania z Rodzicami"},"content":{"rendered":"\n<p>Szanowni Pa\u0144stwo,<\/p>\n\n\n\n<p class=\"has-normal-font-size\">Informujemy \u017ce spotkania wychowawc\u00f3w klas z Rodzicami odb\u0119d\u0105 si\u0119 w dniach 27 i 28 stycznia na platformie MS Teams zgodnie z poni\u017cszym harmonogramem:<\/p>\n\n\n\n<div class=\"wp-block-image\"><figure class=\"aligncenter size-large\"><img loading=\"lazy\" decoding=\"async\" width=\"694\" height=\"843\" src=\"https:\/\/5lo.lublin.pl\/wp-content\/uploads\/2021\/01\/z1.png\" alt=\"\" class=\"wp-image-16870\" srcset=\"https:\/\/5lo.lublin.pl\/wp-content\/uploads\/2021\/01\/z1.png 694w, https:\/\/5lo.lublin.pl\/wp-content\/uploads\/2021\/01\/z1-247x300.png 247w\" sizes=\"(max-width: 694px) 100vw, 694px\" \/><\/figure><\/div>\n\n\n\n<div class=\"wp-block-image\"><figure class=\"aligncenter size-large\"><img loading=\"lazy\" decoding=\"async\" width=\"694\" height=\"662\" src=\"https:\/\/5lo.lublin.pl\/wp-content\/uploads\/2021\/01\/z2.png\" alt=\"\" class=\"wp-image-16871\" srcset=\"https:\/\/5lo.lublin.pl\/wp-content\/uploads\/2021\/01\/z2.png 694w, https:\/\/5lo.lublin.pl\/wp-content\/uploads\/2021\/01\/z2-300x286.png 300w\" sizes=\"(max-width: 694px) 100vw, 694px\" \/><\/figure><\/div>\n\n\n\n<p class=\"has-text-align-center has-black-color has-light-green-cyan-background-color has-text-color has-background\"><strong>Aktualizacja: Spotkanie Rodzic\u00f3w uczni\u00f3w klasy I c z wychowawc\u0105 p. Ew\u0105 Wi\u015bniewsk\u0105-Matraszek odb\u0119dzie si\u0119 w czwartek 28.01.2021r. o godz. 17.00 na platformie MS Teams.<\/strong><\/p>\n","protected":false},"excerpt":{"rendered":"<p>Szanowni Pa\u0144stwo, Informujemy \u017ce spotkania wychowawc\u00f3w klas z Rodzicami odb\u0119d\u0105 si\u0119 w dniach 27 i 28 stycznia na platformie MS Teams zgodnie z poni\u017cszym harmonogramem: Aktualizacja: Spotkanie Rodzic\u00f3w uczni\u00f3w klasy I c z wychowawc\u0105 p. Ew\u0105 Wi\u015bniewsk\u0105-Matraszek odb\u0119dzie si\u0119 w czwartek 28.01.2021r. o godz. 17.00 na platformie MS Teams.<\/p>\n","protected":false},"author":23,"featured_media":3517,"comment_status":"open","ping_status":"open","sticky":false,"template":"","format":"standard","meta":{"footnotes":""},"categories":[1],"tags":[],"_links":{"self":[{"href":"https:\/\/5lo.lublin.pl\/index.php?rest_route=\/wp\/v2\/posts\/16869"}],"collection":[{"href":"https:\/\/5lo.lublin.pl\/index.php?rest_route=\/wp\/v2\/posts"}],"about":[{"href":"https:\/\/5lo.lublin.pl\/index.php?rest_route=\/wp\/v2\/types\/post"}],"author":[{"embeddable":true,"href":"https:\/\/5lo.lublin.pl\/index.php?rest_route=\/wp\/v2\/users\/23"}],"replies":[{"embeddable":true,"href":"https:\/\/5lo.lublin.pl\/index.php?rest_route=%2Fwp%2Fv2%2Fcomments&post=16869"}],"version-history":[{"count":1,"href":"https:\/\/5lo.lublin.pl\/index.php?rest_route=\/wp\/v2\/posts\/16869\/revisions"}],"predecessor-version":[{"id":16887,"href":"https:\/\/5lo.lublin.pl\/index.php?rest_route=\/wp\/v2\/posts\/16869\/revisions\/16887"}],"wp:featuredmedia":[{"embeddable":true,"href":"https:\/\/5lo.lublin.pl\/index.php?rest_route=\/wp\/v2\/media\/3517"}],"wp:attachment":[{"href":"https:\/\/5lo.lublin.pl\/index.php?rest_route=%2Fwp%2Fv2%2Fmedia&parent=16869"}],"wp:term":[{"taxonomy":"category","embeddable":true,"href":"https:\/\/5lo.lublin.pl\/index.php?rest_route=%2Fwp%2Fv2%2Fcategories&post=16869"},{"taxonomy":"post_tag","embeddable":true,"href":"https:\/\/5lo.lublin.pl\/index.php?rest_route=%2Fwp%2Fv2%2Ftags&post=16869"}],"curies":[{"name":"wp","href":"https:\/\/api.w.org\/{rel}","templated":true}]}}