{"id":16863,"date":"2021-01-13T22:02:32","date_gmt":"2021-01-13T22:02:32","guid":{"rendered":"http:\/\/5lo.lublin.pl\/?p=16863"},"modified":"2021-02-07T14:52:36","modified_gmt":"2021-02-07T14:52:36","slug":"konkurs-na-selfie-z-ksiazka-rozstrzygniety","status":"publish","type":"post","link":"https:\/\/5lo.lublin.pl\/?p=16863","title":{"rendered":"Konkurs na Selfie z Ksi\u0105\u017ck\u0105 rozstrzygni\u0119ty!"},"content":{"rendered":"\n<p>29 pa\u017adziernika biblioteka szkolna og\u0142osi\u0142a konkurs fotograficzny pt:  &#8222;Selfie z ksi\u0105\u017ck\u0105&#8221;. Konkurs trwa\u0142 do 18 grudnia i wszyscy zainteresowani uczniowie mogli przesy\u0142a\u0107 swoje prace. Najciekawsze prace zosta\u0142y ocenione i nagrodzone przez konkursowe jury. <\/p>\n\n\n\n<p>I miejsce zaj\u0119\u0142a Martyna Krzowska (kl.3 h) za selfie z &#8222;Frid\u0105&#8221;<\/p>\n\n\n\n<figure class=\"wp-block-image size-large\"><img loading=\"lazy\" decoding=\"async\" width=\"953\" height=\"1024\" src=\"https:\/\/5lo.lublin.pl\/wp-content\/uploads\/2021\/01\/Martyna-Krzowska-3H-953x1024.jpg\" alt=\"\" class=\"wp-image-16864\" srcset=\"https:\/\/5lo.lublin.pl\/wp-content\/uploads\/2021\/01\/Martyna-Krzowska-3H-953x1024.jpg 953w, https:\/\/5lo.lublin.pl\/wp-content\/uploads\/2021\/01\/Martyna-Krzowska-3H-279x300.jpg 279w, https:\/\/5lo.lublin.pl\/wp-content\/uploads\/2021\/01\/Martyna-Krzowska-3H-768x825.jpg 768w, https:\/\/5lo.lublin.pl\/wp-content\/uploads\/2021\/01\/Martyna-Krzowska-3H-1430x1536.jpg 1430w, https:\/\/5lo.lublin.pl\/wp-content\/uploads\/2021\/01\/Martyna-Krzowska-3H-1906x2048.jpg 1906w, https:\/\/5lo.lublin.pl\/wp-content\/uploads\/2021\/01\/Martyna-Krzowska-3H.jpg 1489w\" sizes=\"(max-width: 953px) 100vw, 953px\" \/><\/figure>\n\n\n\n<p>II miejsce zaj\u0105\u0142 Olaf Tomaszewski (kl. 1e) za selfie z &#8222;Elit\u0105&#8221;<\/p>\n\n\n\n<figure class=\"wp-block-image size-large\"><img loading=\"lazy\" decoding=\"async\" width=\"1006\" height=\"1024\" src=\"https:\/\/5lo.lublin.pl\/wp-content\/uploads\/2021\/01\/zdjecie-na-konkurs-1006x1024.png\" alt=\"\" class=\"wp-image-16865\"\/><\/figure>\n\n\n\n<p>Wspania\u0142e zdj\u0119cia! Dzi\u0119kujemy wszystkim uczniom za wzi\u0119cie udzia\u0142u w konkursie. Zwyci\u0119zcom bardzo serdecznie gratulujemy i zapraszamy po feriach do biblioteki (w dogodnym dla siebie czasie) w celu odebrania nagr\u00f3d: dyplom\u00f3w, super ksi\u0105\u017cek oraz s\u0142odyczy. Wszystkich uczni\u00f3w zach\u0119camy do udzia\u0142u w innych konkursach organizowanych przez bibliotek\u0119 szkoln\u0105!<\/p>\n","protected":false},"excerpt":{"rendered":"<p>29 pa\u017adziernika biblioteka szkolna og\u0142osi\u0142a konkurs fotograficzny pt: &#8222;Selfie z ksi\u0105\u017ck\u0105&#8221;. Konkurs trwa\u0142 do 18 grudnia i wszyscy zainteresowani uczniowie mogli przesy\u0142a\u0107 swoje prace. Najciekawsze prace zosta\u0142y ocenione i nagrodzone przez konkursowe jury. I miejsce zaj\u0119\u0142a Martyna Krzowska (kl.3 h) za selfie z &#8222;Frid\u0105&#8221; II miejsce zaj\u0105\u0142 Olaf Tomaszewski (kl. 1e) za selfie z &#8222;Elit\u0105&#8221; [&hellip;]<\/p>\n","protected":false},"author":95,"featured_media":16794,"comment_status":"open","ping_status":"open","sticky":false,"template":"","format":"standard","meta":{"footnotes":""},"categories":[365,134],"tags":[],"_links":{"self":[{"href":"https:\/\/5lo.lublin.pl\/index.php?rest_route=\/wp\/v2\/posts\/16863"}],"collection":[{"href":"https:\/\/5lo.lublin.pl\/index.php?rest_route=\/wp\/v2\/posts"}],"about":[{"href":"https:\/\/5lo.lublin.pl\/index.php?rest_route=\/wp\/v2\/types\/post"}],"author":[{"embeddable":true,"href":"https:\/\/5lo.lublin.pl\/index.php?rest_route=\/wp\/v2\/users\/95"}],"replies":[{"embeddable":true,"href":"https:\/\/5lo.lublin.pl\/index.php?rest_route=%2Fwp%2Fv2%2Fcomments&post=16863"}],"version-history":[{"count":1,"href":"https:\/\/5lo.lublin.pl\/index.php?rest_route=\/wp\/v2\/posts\/16863\/revisions"}],"predecessor-version":[{"id":16866,"href":"https:\/\/5lo.lublin.pl\/index.php?rest_route=\/wp\/v2\/posts\/16863\/revisions\/16866"}],"wp:featuredmedia":[{"embeddable":true,"href":"https:\/\/5lo.lublin.pl\/index.php?rest_route=\/wp\/v2\/media\/16794"}],"wp:attachment":[{"href":"https:\/\/5lo.lublin.pl\/index.php?rest_route=%2Fwp%2Fv2%2Fmedia&parent=16863"}],"wp:term":[{"taxonomy":"category","embeddable":true,"href":"https:\/\/5lo.lublin.pl\/index.php?rest_route=%2Fwp%2Fv2%2Fcategories&post=16863"},{"taxonomy":"post_tag","embeddable":true,"href":"https:\/\/5lo.lublin.pl\/index.php?rest_route=%2Fwp%2Fv2%2Ftags&post=16863"}],"curies":[{"name":"wp","href":"https:\/\/api.w.org\/{rel}","templated":true}]}}