{"id":16651,"date":"2020-12-10T22:20:04","date_gmt":"2020-12-10T22:20:04","guid":{"rendered":"http:\/\/5lo.lublin.pl\/?p=16651"},"modified":"2020-12-10T22:20:07","modified_gmt":"2020-12-10T22:20:07","slug":"spotkania-z-doradcami-zawodowymi-biura-karier-uniwersytetu-medycznego","status":"publish","type":"post","link":"https:\/\/5lo.lublin.pl\/?p=16651","title":{"rendered":"Spotkania z doradcami zawodowymi Biura Karier Uniwersytetu Medycznego"},"content":{"rendered":"\n<p class=\"has-medium-font-size\">W najbli\u017cszym czasie, w ramach godziny wychowawczej, zostan\u0105 zorganizowane zdalne zaj\u0119cia z zakresu doradztwa zawodowego prowadzone przez doradc\u00f3w zawodowych Biura Karier Uniwersytetu Medycznego w Lublinie. Wszystko po to, aby pom\u00f3c uczniom V LO w podj\u0119ciu jednej z wa\u017cniejszych decyzji w \u017cyciu dotycz\u0105cej wyboru kierunku studi\u00f3w.<\/p>\n\n\n\n<p class=\"has-medium-font-size\">Celem spotkania b\u0119dzie:<\/p>\n\n\n\n<p class=\"has-medium-font-size\">&#8211; zapoznanie uczni\u00f3w z ofert\u0105 edukacyjn\u0105 Uniwersytetu Medycznego w Lublinie,<\/p>\n\n\n\n<p class=\"has-medium-font-size\">&#8211; zdobycie informacji na temat obecnych wymaga\u0144 do podj\u0119cia studi\u00f3w w zawodach medycznych,<\/p>\n\n\n\n<p class=\"has-medium-font-size\">&#8211; pomoc w wyborze swojej drogi zawodowej.<\/p>\n\n\n\n<p class=\"has-text-align-center has-white-background-color has-background has-medium-font-size\"><strong>Harmonogram spotka\u0144:<\/strong><\/p>\n\n\n\n<p class=\"has-text-align-center has-cyan-bluish-gray-background-color has-background has-medium-font-size\"><strong>14.12.2020\u00a0r.  (poniedzia\u0142ek) <\/strong><br \/> 9.25\u00a0&#8211;\u00a010.05\u00a0  kl.\u00a03g<\/p>\n\n\n\n<p class=\"has-text-align-center has-cyan-bluish-gray-background-color has-background has-medium-font-size\"><strong>16.12.2020\u00a0r.  (\u015broda) <\/strong><br \/> 7.30\u00a0&#8211;\u00a08.15\u00a0  kl.\u00a03c<\/p>\n\n\n\n<p class=\"has-text-align-center has-cyan-bluish-gray-background-color has-background has-medium-font-size\"><strong>17.12.2020\u00a0r.  (czwartek) <\/strong><br \/> 7.30\u00a0&#8211;\u00a08.15\u00a0kl.\u00a02g<br \/>11.10\u00a0&#8211;\u00a011.55\u00a0kl.\u00a02d<br \/>15.55\u00a0&#8211;\u00a016.40\u00a0kl.\u00a02c<\/p>\n\n\n\n<p class=\"has-text-align-center has-cyan-bluish-gray-background-color has-background has-medium-font-size\"><strong>18.12.2020\u00a0r.  (pi\u0105tek) <\/strong><br \/> 7.30\u00a0&#8211;\u00a08.15\u00a0kl.\u00a02j<br \/>10.15\u00a0&#8211;\u00a011.00\u00a0kl. 3d<\/p>\n","protected":false},"excerpt":{"rendered":"<p>W najbli\u017cszym czasie, w ramach godziny wychowawczej, zostan\u0105 zorganizowane zdalne zaj\u0119cia z zakresu doradztwa zawodowego prowadzone przez doradc\u00f3w zawodowych Biura Karier Uniwersytetu Medycznego w Lublinie. Wszystko po to, aby pom\u00f3c uczniom V LO w podj\u0119ciu jednej z wa\u017cniejszych decyzji w \u017cyciu dotycz\u0105cej wyboru kierunku studi\u00f3w. Celem spotkania b\u0119dzie: &#8211; zapoznanie uczni\u00f3w z ofert\u0105 edukacyjn\u0105 Uniwersytetu [&hellip;]<\/p>\n","protected":false},"author":23,"featured_media":16654,"comment_status":"open","ping_status":"open","sticky":false,"template":"","format":"standard","meta":{"footnotes":""},"categories":[1],"tags":[],"_links":{"self":[{"href":"https:\/\/5lo.lublin.pl\/index.php?rest_route=\/wp\/v2\/posts\/16651"}],"collection":[{"href":"https:\/\/5lo.lublin.pl\/index.php?rest_route=\/wp\/v2\/posts"}],"about":[{"href":"https:\/\/5lo.lublin.pl\/index.php?rest_route=\/wp\/v2\/types\/post"}],"author":[{"embeddable":true,"href":"https:\/\/5lo.lublin.pl\/index.php?rest_route=\/wp\/v2\/users\/23"}],"replies":[{"embeddable":true,"href":"https:\/\/5lo.lublin.pl\/index.php?rest_route=%2Fwp%2Fv2%2Fcomments&post=16651"}],"version-history":[{"count":1,"href":"https:\/\/5lo.lublin.pl\/index.php?rest_route=\/wp\/v2\/posts\/16651\/revisions"}],"predecessor-version":[{"id":16665,"href":"https:\/\/5lo.lublin.pl\/index.php?rest_route=\/wp\/v2\/posts\/16651\/revisions\/16665"}],"wp:featuredmedia":[{"embeddable":true,"href":"https:\/\/5lo.lublin.pl\/index.php?rest_route=\/wp\/v2\/media\/16654"}],"wp:attachment":[{"href":"https:\/\/5lo.lublin.pl\/index.php?rest_route=%2Fwp%2Fv2%2Fmedia&parent=16651"}],"wp:term":[{"taxonomy":"category","embeddable":true,"href":"https:\/\/5lo.lublin.pl\/index.php?rest_route=%2Fwp%2Fv2%2Fcategories&post=16651"},{"taxonomy":"post_tag","embeddable":true,"href":"https:\/\/5lo.lublin.pl\/index.php?rest_route=%2Fwp%2Fv2%2Ftags&post=16651"}],"curies":[{"name":"wp","href":"https:\/\/api.w.org\/{rel}","templated":true}]}}