{"id":16577,"date":"2020-11-29T16:39:12","date_gmt":"2020-11-29T16:39:12","guid":{"rendered":"http:\/\/5lo.lublin.pl\/?p=16577"},"modified":"2020-12-01T22:33:00","modified_gmt":"2020-12-01T22:33:00","slug":"stefan-zeromski-ciekawostki-i-cytaty","status":"publish","type":"post","link":"https:\/\/5lo.lublin.pl\/?p=16577","title":{"rendered":"Stefan \u017beromski &#8211; ciekawostki i cytaty"},"content":{"rendered":"\n<p><strong>W roku 2020 <\/strong><\/p>\n\n\n\n<p><strong>przypada 156. rocznica urodzin i 95. rocznica \u015bmierci pisarza<\/strong>.<\/p>\n\n\n\n<p>* U\u017cywa\u0142 pseudonim\u00f3w Maurycy Zych, J\u00f3zef Katerla.<\/p>\n\n\n\n<p>* Tworzy\u0142 nie tylko jako pisarz, ale r\u00f3wnie\u017c jako dramaturg i publicysta.<\/p>\n\n\n\n<p>* Przyja\u017ani\u0142 si\u0119 z wieloma wsp\u00f3\u0142czesnymi jemu pisarzami. \u015awiadczy o tym fakt, \u017ce Boles\u0142aw Prus by\u0142 \u015bwiadkiem na jego \u015blubie.<\/p>\n\n\n\n<p>* By\u0142 bardzo s\u0142aby z przedmiot\u00f3w \u015bcis\u0142ych. Sz\u0142o mu w tych dziedzinach tak \u017ale, \u017ce musia\u0142 powtarza\u0107 klas\u0119.<\/p>\n\n\n\n<p>* Ju\u017c w wieku lat dwudziestu nabawi\u0142 si\u0119 tak powa\u017cnych schorze\u0144 g\u00f3rnych dr\u00f3g oddechowych, \u017ce gru\u017alica by\u0142a mu towarzyszk\u0105 do samej \u015bmierci.<\/p>\n\n\n\n<p>* Od 1904 r. po opublikowaniu \u201ePopio\u0142\u00f3w\u201d zaprzesta\u0142 poszukiwania posad, odda\u0142 si\u0119 pracy pisarskiej i dzia\u0142alno\u015bci spo\u0142ecznej. Mieszka\u0142 m. in. w Na\u0142\u0119czowie, gdzie zbudowa\u0142 Chat\u0119, dom g\u00f3ralski wed\u0142ug projektu Stanis\u0142awa Witkiewicza. \u201eChata\u201d by\u0142a pracowni\u0105 i miejscem pracy tw\u00f3rczej pisarza. Obecnie mie\u015bci si\u0119 tam muzeum biograficzno-literackie po\u015bwi\u0119cone osobie i tw\u00f3rczo\u015bci Stefana \u017beromskiego.<\/p>\n\n\n\n<div class=\"wp-block-image\"><figure class=\"alignleft size-full\"><img decoding=\"async\" src=\"https:\/\/5lo.lublin.pl\/wp-content\/uploads\/2020\/11\/Naleczow_Muzeum_Stefana_Zeromskiego_HB2.jpg\" alt=\"\" class=\"wp-image-16578\"\/><\/figure><\/div>\n\n\n\n<p><\/p>\n\n\n\n<p>* Stefan \u017beromski by\u0142 za\u0142o\u017cycielem i pierwszym prezesem Zwi\u0105zku Zawodowego Literat\u00f3w Polskich oraz polskiego centrum PEN Clubu.<\/p>\n\n\n\n<p>* By\u0142 kandydatem do Literackiej Nagrody Nobla za dzie\u0142o \u201eWiatr od morza\u201d. Do argument\u00f3w przeciwko temu mog\u0142a zalicza\u0107 si\u0119 wymowa antyniemiecka utworu, ale \u017beromski&nbsp; mia\u0142 konkurenta w osobie Reymonta, z kt\u00f3rym przegra\u0142, bowiem to dzie\u0142o \u201eCh\u0142opi\u201d zosta\u0142o docenione przez norwesk\u0105 komisj\u0119.<\/p>\n\n\n\n<p>* W 1925 otrzyma\u0142 po raz pierwszy przyznan\u0105 <strong>polsk\u0105 pa\u0144stwow\u0105 nagrod\u0119 literack\u0105<\/strong> za zbi\u00f3r utwor\u00f3w o historii polskiego wybrze\u017ca \u201eWiatr od morza\u201d. Za ten sam utw\u00f3r Towarzystwo Literat\u00f3w i Dziennikarzy przyzna\u0142o \u017beromskiemu nagrod\u0119 im. Elizy Orzeszkowej. Gdy otrzyma\u0142 pismo z zawiadomieniem o wyr\u00f3\u017cnieniu: \u201ePrzeczyta\u0142 go w milczeniu i poblad\u0142. Wielkie jak groch \u0142zy spada\u0107 pocz\u0119\u0142y po zm\u0119czonych i schorza\u0142ych policzkach\u201d.<\/p>\n\n\n\n<p>* \u015amier\u0107 Stefana \u017beromskiego wywo\u0142a\u0142a \u017ca\u0142ob\u0119 narodow\u0105, pogrzeb by\u0142 wielk\u0105 manifestacj\u0105. Wielu wybitnych pisarzy po\u015bwi\u0119ci\u0142o mu utwory po\u017cegnalne. Jego gr\u00f3b znajduje si\u0119 na Cmentarzu Ewangelicko \u2013 Reformowanym w Warszawie.<\/p>\n\n\n\n<p>* Postawiono mu liczne pomniki, m. in. w Na\u0142\u0119czowie, we W\u0142oc\u0142awku oraz w I\u0142awie.<\/p>\n\n\n\n<p><strong>Znane i mniej znane cytaty z tw\u00f3rczo\u015bci<\/strong> <strong>Stefana \u017beromskiego<\/strong><\/p>\n\n\n\n<p><strong>&nbsp;\u201eSyzyfowe prace\u201d, 1898<\/strong><\/p>\n\n\n\n<p><em>\u201eNie wszyscy mo\u017cemy by\u0107 filozofami, bo kt\u00f3\u017c by \u015bwinie pasa\u0142 ?\u201d&nbsp;&nbsp;&nbsp;&nbsp;&nbsp;&nbsp;&nbsp;&nbsp;<\/em><\/p>\n\n\n\n<p><em>&nbsp;&nbsp;&nbsp;&nbsp;&nbsp;&nbsp;&nbsp;&nbsp;&nbsp;&nbsp;&nbsp;&nbsp;&nbsp;&nbsp; <\/em><\/p>\n\n\n\n<div class=\"wp-block-image\"><figure class=\"alignleft size-full\"><img loading=\"lazy\" decoding=\"async\" width=\"669\" height=\"580\" src=\"https:\/\/5lo.lublin.pl\/wp-content\/uploads\/2020\/11\/dzieci-zeromski.jpg\" alt=\"\" class=\"wp-image-16580\" srcset=\"https:\/\/5lo.lublin.pl\/wp-content\/uploads\/2020\/11\/dzieci-zeromski.jpg 669w, https:\/\/5lo.lublin.pl\/wp-content\/uploads\/2020\/11\/dzieci-zeromski-300x260.jpg 300w\" sizes=\"(max-width: 669px) 100vw, 669px\" \/><\/figure><\/div>\n\n\n\n<p><\/p>\n\n\n\n<p><\/p>\n\n\n\n<p><\/p>\n\n\n\n<p>&nbsp;<strong>\u201eLudzie bezdomni\u201d, 1900<\/strong><\/p>\n\n\n\n<p><em>\u201eZ\u0142e niew\u0105tpliwie jest tylko jedno: krzywda bli\u017aniego. Cz\u0142owiek &#8211; jest to rzecz \u015bwi\u0119ta, kt\u00f3rej krzywdzi\u0107 nikomu nie wolno. [\u2026] Granica krzywdy le\u017cy w sumieniu, le\u017cy w sercu ludzkim.\u201d<\/em><\/p>\n\n\n\n<p><strong>\u201eDzieje grzechu\u201d, 1908<\/strong><em><br \/>\u201e&#8230;na pytanie o \u017cyciu nie mo\u017ce odpowiedzie\u0107 nikt, bo odpowiedzi jest miliard, a na pytanie o \u015bmierci odpowied\u017a jest jedna i da\u0107 j\u0105 mo\u017ce ka\u017cdy cz\u0142owiek.\u201d<\/em><\/p>\n\n\n\n<p><em>\u201eDrzewa \u017cyj\u0105 wraz z cz\u0142owiekiem. S\u0105 one podobne do jedynej sztuki, do muzyki. [&#8230;]Tylko drzewa \u017cyj\u0105 \u017cyciem powszechnym, w kt\u00f3rym i nasze \u017cycie si\u0119 mie\u015bci. Kiedy po latach wita\u0107 si\u0119 ze znajomymi drzewami, znajduje si\u0119 w nich zmiany niemal takie same jak w sobie. Wzruszenia nasze s\u0105 w ich kszta\u0142cie, zmianach i szumie.\u201d<\/em><\/p>\n\n\n\n<p><strong>\u201eUroda \u017cycia\u201d, 1912<\/strong><\/p>\n\n\n\n<p><em>\u201eNie trzeba przekracza\u0107 granic szcz\u0119\u015bcia. Szcz\u0119\u015bcie nie znosi za sob\u0105 po\u015bcigu. Napastowane \u2013 odwraca si\u0119 i zaczyna prze\u015bladowa\u0107 napastnika.\u201d<\/em><strong><em><\/em><\/strong><\/p>\n\n\n\n<p><strong>\u201eWiatr od morza\u201d, 1922<\/strong><\/p>\n\n\n\n<p><em>\u201eNie umiera nigdy zbrodnia, kiedykolwiek by\u0142a dokonana.\u201d<\/em><\/p>\n\n\n\n<p><em>\u201eNie b\u0119dzie ju\u017c przenigdy Prusak niemczy\u0142 Kaszuba.\u201d<\/em><strong>&nbsp;&nbsp;&nbsp;&nbsp;&nbsp;&nbsp;&nbsp;&nbsp;&nbsp;&nbsp;&nbsp;&nbsp;&nbsp;&nbsp; <\/strong><strong>\u201ePrzedwio\u015bnie\u201d, 1925<\/strong><strong> <\/strong><em>\u201e &#8211; Ka\u017cdy ma swoje&nbsp; miejsce ulubione w dzieci\u0144stwie. To jest ojczyzna duszy\u201d, \u201eRewolucj\u0105 istotn\u0105 i jedyn\u0105 jest wynalazek. Rewolucj\u0105 fa\u0142szyw\u0105 jest wydzieranie przemoc\u0105 rzeczy przez innych zrobionych.\u201d<\/em><\/p>\n\n\n\n<p><strong><em>Inne:&nbsp;<\/em><\/strong><\/p>\n\n\n\n<p>\u201eWiara czyni cuda lecz tylko walka daje efekty.\u201d<\/p>\n\n\n\n<p>\u201ePi\u0119kno \u017cycia jest tylko w pracy.\u201d<\/p>\n\n\n\n<p>\u201e\u017bycie jest trudn\u0105 lekcj\u0105, kt\u00f3rej nie mo\u017cna si\u0119 nauczy\u0107. Trzeba j\u0105 prze\u017cy\u0107.\u201d<\/p>\n\n\n\n<p><\/p>\n","protected":false},"excerpt":{"rendered":"<p>W roku 2020 przypada 156. rocznica urodzin i 95. rocznica \u015bmierci pisarza. * U\u017cywa\u0142 pseudonim\u00f3w Maurycy Zych, J\u00f3zef Katerla. * Tworzy\u0142 nie tylko jako pisarz, ale r\u00f3wnie\u017c jako dramaturg i publicysta. * Przyja\u017ani\u0142 si\u0119 z wieloma wsp\u00f3\u0142czesnymi jemu pisarzami. \u015awiadczy o tym fakt, \u017ce Boles\u0142aw Prus by\u0142 \u015bwiadkiem na jego \u015blubie. * By\u0142 bardzo s\u0142aby [&hellip;]<\/p>\n","protected":false},"author":95,"featured_media":16583,"comment_status":"open","ping_status":"open","sticky":false,"template":"","format":"standard","meta":{"footnotes":""},"categories":[222,1],"tags":[],"_links":{"self":[{"href":"https:\/\/5lo.lublin.pl\/index.php?rest_route=\/wp\/v2\/posts\/16577"}],"collection":[{"href":"https:\/\/5lo.lublin.pl\/index.php?rest_route=\/wp\/v2\/posts"}],"about":[{"href":"https:\/\/5lo.lublin.pl\/index.php?rest_route=\/wp\/v2\/types\/post"}],"author":[{"embeddable":true,"href":"https:\/\/5lo.lublin.pl\/index.php?rest_route=\/wp\/v2\/users\/95"}],"replies":[{"embeddable":true,"href":"https:\/\/5lo.lublin.pl\/index.php?rest_route=%2Fwp%2Fv2%2Fcomments&post=16577"}],"version-history":[{"count":1,"href":"https:\/\/5lo.lublin.pl\/index.php?rest_route=\/wp\/v2\/posts\/16577\/revisions"}],"predecessor-version":[{"id":16591,"href":"https:\/\/5lo.lublin.pl\/index.php?rest_route=\/wp\/v2\/posts\/16577\/revisions\/16591"}],"wp:featuredmedia":[{"embeddable":true,"href":"https:\/\/5lo.lublin.pl\/index.php?rest_route=\/wp\/v2\/media\/16583"}],"wp:attachment":[{"href":"https:\/\/5lo.lublin.pl\/index.php?rest_route=%2Fwp%2Fv2%2Fmedia&parent=16577"}],"wp:term":[{"taxonomy":"category","embeddable":true,"href":"https:\/\/5lo.lublin.pl\/index.php?rest_route=%2Fwp%2Fv2%2Fcategories&post=16577"},{"taxonomy":"post_tag","embeddable":true,"href":"https:\/\/5lo.lublin.pl\/index.php?rest_route=%2Fwp%2Fv2%2Ftags&post=16577"}],"curies":[{"name":"wp","href":"https:\/\/api.w.org\/{rel}","templated":true}]}}