{"id":15958,"date":"2020-09-26T12:42:00","date_gmt":"2020-09-26T12:42:00","guid":{"rendered":"http:\/\/5lo.lublin.pl\/?p=15958"},"modified":"2020-10-01T12:45:06","modified_gmt":"2020-10-01T12:45:06","slug":"sofia-ennaoui-w-v-lo","status":"publish","type":"post","link":"https:\/\/5lo.lublin.pl\/?p=15958","title":{"rendered":"Sofia Ennaoui w V LO!"},"content":{"rendered":"\n<p><\/p>\n\n\n\n<p><\/p>\n\n\n\n<p>Sofia Ennaoui, lekkoatletka specjalizuj\u0105ca si\u0119 w biegach na \u015brednich i d\u0142ugich dystansach, reprezentuj\u0105ca Klub AZS UMCS Lublin, go\u015bci\u0142a w naszej szkole w ramach wolontariatu 24 wrze\u015bnia 2020 roku. <\/p>\n\n\n\n<p>Na pami\u0105tk\u0119 tego spotkania na r\u0119ce Pani Wicedyrektor Agaty K\u0119pki zosta\u0142a przekazana koszulka z autografem mistrzyni. <\/p>\n\n\n\n<p>Zawodniczka spotka\u0142a si\u0119 z uczniami opowiadaj\u0105c im o codziennym \u017cyciu, treningach oraz rywalizacji sportowej. W drugiej cz\u0119\u015bci spotkania Sofia opowiedzia\u0142a o idei Centrum Wolontariatu Sportowego Miasta&nbsp;Lublin, kt\u00f3ra daje mo\u017cliwo\u015b\u0107 prze\u017cywania z bliska emocji  zwi\u0105zanych z wydarzeniami sportowymi, bycie cz\u0119\u015bci\u0105 nich, a tak\u017ce mo\u017cliwo\u015b\u0107 spotkania znanych sportowc\u00f3w i nawi\u0105zania nowych znajomo\u015bci. <\/p>\n\n\n\n<p>Nie zabrak\u0142o r\u00f3wnie\u017c pami\u0105tkowych zdj\u0119\u0107 oraz autograf\u00f3w.<\/p>\n\n\n<div id=\"metaslider-id-15997\" style=\"max-width: 1099px; margin: 0 auto;\" class=\"ml-slider-3-62-0 metaslider metaslider-responsive metaslider-15997 ml-slider ms-theme-default\" role=\"region\" aria-roledescription=\"Slideshow\" aria-label=\"Sofia Ennaoui\">\n    <div id=\"metaslider_container_15997\">\n        <ul id='metaslider_15997' class='rslides'>\n            <li aria-roledescription='slide' aria-labelledby='slide-0'><img loading=\"lazy\" decoding=\"async\" src=\"https:\/\/5lo.lublin.pl\/wp-content\/uploads\/2020\/10\/IMG_20200924_110114_resized_20200925_022738984-e1601556126426-534x437.jpg\" height=\"900\" width=\"1099\" alt=\"\" class=\"slider-15997 slide-16023\" title=\"IMG_20200924_110114_resized_20200925_022738984\" \/><\/li>\n            <li style='display: none;' aria-roledescription='slide' aria-labelledby='slide-1'><img loading=\"lazy\" decoding=\"async\" src=\"https:\/\/5lo.lublin.pl\/wp-content\/uploads\/2020\/10\/IMG_20200924_110523_resized_20200925_022811807-610x500.jpg\" height=\"900\" width=\"1099\" alt=\"\" class=\"slider-15997 slide-16024\" title=\"IMG_20200924_110523_resized_20200925_022811807\" \/><\/li>\n            <li style='display: none;' aria-roledescription='slide' aria-labelledby='slide-2'><img loading=\"lazy\" decoding=\"async\" src=\"https:\/\/5lo.lublin.pl\/wp-content\/uploads\/2020\/10\/IMG_20200924_110250_resized_20200925_022811590-610x500.jpg\" height=\"900\" width=\"1099\" alt=\"\" class=\"slider-15997 slide-16025\" title=\"IMG_20200924_110250_resized_20200925_022811590\" \/><\/li>\n            <li style='display: none;' aria-roledescription='slide' aria-labelledby='slide-3'><img loading=\"lazy\" decoding=\"async\" src=\"https:\/\/5lo.lublin.pl\/wp-content\/uploads\/2020\/10\/IMG_20200924_105857_resized_20200925_022738536-610x500.jpg\" height=\"900\" width=\"1099\" alt=\"\" class=\"slider-15997 slide-16026\" title=\"IMG_20200924_105857_resized_20200925_022738536\" \/><\/li>\n            <li style='display: none;' aria-roledescription='slide' aria-labelledby='slide-4'><img loading=\"lazy\" decoding=\"async\" src=\"https:\/\/5lo.lublin.pl\/wp-content\/uploads\/2020\/10\/IMG_20200924_104550_resized_20200925_022738658-610x500.jpg\" height=\"900\" width=\"1099\" alt=\"\" class=\"slider-15997 slide-16027\" title=\"IMG_20200924_104550_resized_20200925_022738658\" \/><\/li>\n            <li style='display: none;' aria-roledescription='slide' aria-labelledby='slide-5'><img loading=\"lazy\" decoding=\"async\" src=\"https:\/\/5lo.lublin.pl\/wp-content\/uploads\/2020\/10\/IMG_20200924_105138_resized_20200925_022738808-610x500.jpg\" height=\"900\" width=\"1099\" alt=\"\" class=\"slider-15997 slide-16028\" title=\"IMG_20200924_105138_resized_20200925_022738808\" \/><\/li>\n            <li style='display: none;' aria-roledescription='slide' aria-labelledby='slide-6'><img loading=\"lazy\" decoding=\"async\" src=\"https:\/\/5lo.lublin.pl\/wp-content\/uploads\/2020\/10\/IMG_20200924_110256_resized_20200925_022811957-610x500.jpg\" height=\"900\" width=\"1099\" alt=\"\" class=\"slider-15997 slide-16029\" title=\"IMG_20200924_110256_resized_20200925_022811957\" \/><\/li>\n            <li style='display: none;' aria-roledescription='slide' aria-labelledby='slide-7'><img loading=\"lazy\" decoding=\"async\" src=\"https:\/\/5lo.lublin.pl\/wp-content\/uploads\/2020\/10\/IMG_20200924_104542_resized_20200925_022739339-610x500.jpg\" height=\"900\" width=\"1099\" alt=\"\" class=\"slider-15997 slide-16030\" title=\"IMG_20200924_104542_resized_20200925_022739339\" \/><\/li>\n            <li style='display: none;' aria-roledescription='slide' aria-labelledby='slide-8'><img loading=\"lazy\" decoding=\"async\" src=\"https:\/\/5lo.lublin.pl\/wp-content\/uploads\/2020\/10\/IMG_20200924_105844_resized_20200925_022738257-610x500.jpg\" height=\"900\" width=\"1099\" alt=\"\" class=\"slider-15997 slide-16031\" title=\"IMG_20200924_105844_resized_20200925_022738257\" \/><\/li>\n            <li style='display: none;' aria-roledescription='slide' aria-labelledby='slide-9'><img loading=\"lazy\" decoding=\"async\" src=\"https:\/\/5lo.lublin.pl\/wp-content\/uploads\/2020\/10\/IMG_20200924_103852_resized_20200925_022739486-610x500.jpg\" height=\"900\" width=\"1099\" alt=\"\" class=\"slider-15997 slide-16032\" title=\"IMG_20200924_103852_resized_20200925_022739486\" \/><\/li>\n        <\/ul>\n        \n    <\/div>\n<\/div>\n","protected":false},"excerpt":{"rendered":"<p>Sofia Ennaoui, lekkoatletka specjalizuj\u0105ca si\u0119 w biegach na \u015brednich i d\u0142ugich dystansach, reprezentuj\u0105ca Klub AZS UMCS Lublin, go\u015bci\u0142a w naszej szkole w ramach wolontariatu 24 wrze\u015bnia 2020 roku. Na pami\u0105tk\u0119 tego spotkania na r\u0119ce Pani Wicedyrektor Agaty K\u0119pki zosta\u0142a przekazana koszulka z autografem mistrzyni. Zawodniczka spotka\u0142a si\u0119 z uczniami opowiadaj\u0105c im o codziennym \u017cyciu, treningach [&hellip;]<\/p>\n","protected":false},"author":12,"featured_media":16016,"comment_status":"open","ping_status":"open","sticky":false,"template":"","format":"standard","meta":{"footnotes":""},"categories":[138,133],"tags":[],"_links":{"self":[{"href":"https:\/\/5lo.lublin.pl\/index.php?rest_route=\/wp\/v2\/posts\/15958"}],"collection":[{"href":"https:\/\/5lo.lublin.pl\/index.php?rest_route=\/wp\/v2\/posts"}],"about":[{"href":"https:\/\/5lo.lublin.pl\/index.php?rest_route=\/wp\/v2\/types\/post"}],"author":[{"embeddable":true,"href":"https:\/\/5lo.lublin.pl\/index.php?rest_route=\/wp\/v2\/users\/12"}],"replies":[{"embeddable":true,"href":"https:\/\/5lo.lublin.pl\/index.php?rest_route=%2Fwp%2Fv2%2Fcomments&post=15958"}],"version-history":[{"count":1,"href":"https:\/\/5lo.lublin.pl\/index.php?rest_route=\/wp\/v2\/posts\/15958\/revisions"}],"predecessor-version":[{"id":16033,"href":"https:\/\/5lo.lublin.pl\/index.php?rest_route=\/wp\/v2\/posts\/15958\/revisions\/16033"}],"wp:featuredmedia":[{"embeddable":true,"href":"https:\/\/5lo.lublin.pl\/index.php?rest_route=\/wp\/v2\/media\/16016"}],"wp:attachment":[{"href":"https:\/\/5lo.lublin.pl\/index.php?rest_route=%2Fwp%2Fv2%2Fmedia&parent=15958"}],"wp:term":[{"taxonomy":"category","embeddable":true,"href":"https:\/\/5lo.lublin.pl\/index.php?rest_route=%2Fwp%2Fv2%2Fcategories&post=15958"},{"taxonomy":"post_tag","embeddable":true,"href":"https:\/\/5lo.lublin.pl\/index.php?rest_route=%2Fwp%2Fv2%2Ftags&post=15958"}],"curies":[{"name":"wp","href":"https:\/\/api.w.org\/{rel}","templated":true}]}}