{"id":15956,"date":"2020-09-28T13:10:00","date_gmt":"2020-09-28T13:10:00","guid":{"rendered":"http:\/\/5lo.lublin.pl\/?p=15956"},"modified":"2020-10-01T13:16:53","modified_gmt":"2020-10-01T13:16:53","slug":"xi-edycja-z-uks-u-do-azs-u-studiuj-w-lublinie","status":"publish","type":"post","link":"https:\/\/5lo.lublin.pl\/?p=15956","title":{"rendered":"XI EDYCJA &#8222;Z UKS-u DO   AZS-u. STUDIUJ W LUBLINIE!&#8221;"},"content":{"rendered":"\n<p>W dniach 21-25 wrze\u015bnia 2020r. odby\u0142a si\u0119 XI edycja zawod\u00f3w mi\u0119dzyszkolnych &#8222;Z UKS-u do AZS-u. Studiuj w Lublinie!&#8221;. Reprezentanci naszego liceum zaj\u0119li nast\u0119puj\u0105ce miejsca:<\/p>\n\n\n\n<ul><li>dru\u017cynowo:<ul><li>I miejsce w koszyk\u00f3wce m\u0119\u017cczyzn,<\/li><li>II miejsce w koszyk\u00f3wce kobiet,<\/li><li>II miejsce w pi\u0142ce r\u0119cznej m\u0119\u017cczyzn,<\/li><li>II miejsce w pi\u0142ce r\u0119cznej kobiet,<\/li><li>III miejsce w pi\u0142ce siatkowej m\u0119\u017cczyzn,<\/li><li>II miejsce w pi\u0142ce siatkowej kobiet,<\/li><\/ul><\/li><li>indywidualnie:<ul><li>Nikola Kowalczyk &#8211; I miejsce w ergometrze wio\u015blarskim kobiet,<\/li><li>Aleksandra Osuch &#8211; II miejsce w turnieju sto\u0142owym kobiet,<\/li><li>Sebastian Grabowski &#8211; III miejsce w ergometrze wio\u015blarskim m\u0119\u017cczyzn.<\/li><\/ul><\/li><\/ul>\n\n\n\n<p>Z naszej szko\u0142y do og\u00f3lnopolskiego fina\u0142u, kt\u00f3ry odb\u0119dzie si\u0119 04-06 grudzie\u0144 2020r. w Warszawie zakwalifikowali si\u0119: Nikola Kowalczyk, Aleksandra Osuch i m\u0119ska dru\u017cyna koszyk\u00f3wki.<\/p>\n\n\n\n<pre class=\"wp-block-preformatted\"><div id=\"metaslider-id-16038\" style=\"max-width: 1099px; margin: 0 auto;\" class=\"ml-slider-3-62-0 metaslider metaslider-responsive metaslider-16038 ml-slider ms-theme-default\" role=\"region\" aria-roledescription=\"Slideshow\" aria-label=\"Z UKS-u do AZS-u\">\n    <div id=\"metaslider_container_16038\">\n        <ul id='metaslider_16038' class='rslides'>\n            <li aria-roledescription='slide' aria-labelledby='slide-0'><img loading=\"lazy\" decoding=\"async\" src=\"https:\/\/5lo.lublin.pl\/wp-content\/uploads\/2020\/10\/IMG_20200921_121247_resized_20201001_014611773-976x800.jpg\" height=\"900\" width=\"1099\" alt=\"\" class=\"slider-16038 slide-16048\" title=\"IMG_20200921_121247_resized_20201001_014611773\" \/><\/li>\n            <li style='display: none;' aria-roledescription='slide' aria-labelledby='slide-1'><img loading=\"lazy\" decoding=\"async\" src=\"https:\/\/5lo.lublin.pl\/wp-content\/uploads\/2020\/10\/IMG_20200921_110916_resized_20201001_014611064-976x800.jpg\" height=\"900\" width=\"1099\" alt=\"\" class=\"slider-16038 slide-16049\" title=\"IMG_20200921_110916_resized_20201001_014611064\" \/><\/li>\n            <li style='display: none;' aria-roledescription='slide' aria-labelledby='slide-2'><img loading=\"lazy\" decoding=\"async\" src=\"https:\/\/5lo.lublin.pl\/wp-content\/uploads\/2020\/10\/IMG_20200925_135214_resized_20201001_014610675-976x800.jpg\" height=\"900\" width=\"1099\" alt=\"\" class=\"slider-16038 slide-16050\" title=\"IMG_20200925_135214_resized_20201001_014610675\" \/><\/li>\n            <li style='display: none;' aria-roledescription='slide' aria-labelledby='slide-3'><img loading=\"lazy\" decoding=\"async\" src=\"https:\/\/5lo.lublin.pl\/wp-content\/uploads\/2020\/10\/IMG_20200922_112402_resized_20201001_014610243-976x800.jpg\" height=\"900\" width=\"1099\" alt=\"\" class=\"slider-16038 slide-16051\" title=\"IMG_20200922_112402_resized_20201001_014610243\" \/><\/li>\n            <li style='display: none;' aria-roledescription='slide' aria-labelledby='slide-4'><img loading=\"lazy\" decoding=\"async\" src=\"https:\/\/5lo.lublin.pl\/wp-content\/uploads\/2020\/10\/IMG_20200925_135051_resized_20201001_014609624-976x800.jpg\" height=\"900\" width=\"1099\" alt=\"\" class=\"slider-16038 slide-16052\" title=\"IMG_20200925_135051_resized_20201001_014609624\" \/><\/li>\n            <li style='display: none;' aria-roledescription='slide' aria-labelledby='slide-5'><img loading=\"lazy\" decoding=\"async\" src=\"https:\/\/5lo.lublin.pl\/wp-content\/uploads\/2020\/10\/siatkowkac-781x640.jpg\" height=\"900\" width=\"1099\" alt=\"\" class=\"slider-16038 slide-16053\" title=\"siatkowkac\" \/><\/li>\n            <li style='display: none;' aria-roledescription='slide' aria-labelledby='slide-6'><img loading=\"lazy\" decoding=\"async\" src=\"https:\/\/5lo.lublin.pl\/wp-content\/uploads\/2020\/10\/koszykowkac-792x649.jpg\" height=\"900\" width=\"1099\" alt=\"\" class=\"slider-16038 slide-16054\" title=\"koszykowkac\" \/><\/li>\n            <li style='display: none;' aria-roledescription='slide' aria-labelledby='slide-7'><img loading=\"lazy\" decoding=\"async\" src=\"https:\/\/5lo.lublin.pl\/wp-content\/uploads\/2020\/10\/siatkowkad-781x640.jpg\" height=\"900\" width=\"1099\" alt=\"\" class=\"slider-16038 slide-16055\" title=\"siatkowkad\" \/><\/li>\n            <li style='display: none;' aria-roledescription='slide' aria-labelledby='slide-8'><img loading=\"lazy\" decoding=\"async\" src=\"https:\/\/5lo.lublin.pl\/wp-content\/uploads\/2020\/10\/tenisstolowyd-930x762.jpg\" height=\"900\" width=\"1099\" alt=\"\" class=\"slider-16038 slide-16056\" title=\"tenisstolowyd\" \/><\/li>\n        <\/ul>\n        \n    <\/div>\n<\/div><\/pre>\n","protected":false},"excerpt":{"rendered":"<p>W dniach 21-25 wrze\u015bnia 2020r. odby\u0142a si\u0119 XI edycja zawod\u00f3w mi\u0119dzyszkolnych &#8222;Z UKS-u do AZS-u. Studiuj w Lublinie!&#8221;. Reprezentanci naszego liceum zaj\u0119li nast\u0119puj\u0105ce miejsca: dru\u017cynowo: I miejsce w koszyk\u00f3wce m\u0119\u017cczyzn, II miejsce w koszyk\u00f3wce kobiet, II miejsce w pi\u0142ce r\u0119cznej m\u0119\u017cczyzn, II miejsce w pi\u0142ce r\u0119cznej kobiet, III miejsce w pi\u0142ce siatkowej m\u0119\u017cczyzn, II miejsce [&hellip;]<\/p>\n","protected":false},"author":12,"featured_media":16045,"comment_status":"open","ping_status":"open","sticky":false,"template":"","format":"standard","meta":{"footnotes":""},"categories":[138,133],"tags":[],"_links":{"self":[{"href":"https:\/\/5lo.lublin.pl\/index.php?rest_route=\/wp\/v2\/posts\/15956"}],"collection":[{"href":"https:\/\/5lo.lublin.pl\/index.php?rest_route=\/wp\/v2\/posts"}],"about":[{"href":"https:\/\/5lo.lublin.pl\/index.php?rest_route=\/wp\/v2\/types\/post"}],"author":[{"embeddable":true,"href":"https:\/\/5lo.lublin.pl\/index.php?rest_route=\/wp\/v2\/users\/12"}],"replies":[{"embeddable":true,"href":"https:\/\/5lo.lublin.pl\/index.php?rest_route=%2Fwp%2Fv2%2Fcomments&post=15956"}],"version-history":[{"count":1,"href":"https:\/\/5lo.lublin.pl\/index.php?rest_route=\/wp\/v2\/posts\/15956\/revisions"}],"predecessor-version":[{"id":16057,"href":"https:\/\/5lo.lublin.pl\/index.php?rest_route=\/wp\/v2\/posts\/15956\/revisions\/16057"}],"wp:featuredmedia":[{"embeddable":true,"href":"https:\/\/5lo.lublin.pl\/index.php?rest_route=\/wp\/v2\/media\/16045"}],"wp:attachment":[{"href":"https:\/\/5lo.lublin.pl\/index.php?rest_route=%2Fwp%2Fv2%2Fmedia&parent=15956"}],"wp:term":[{"taxonomy":"category","embeddable":true,"href":"https:\/\/5lo.lublin.pl\/index.php?rest_route=%2Fwp%2Fv2%2Fcategories&post=15956"},{"taxonomy":"post_tag","embeddable":true,"href":"https:\/\/5lo.lublin.pl\/index.php?rest_route=%2Fwp%2Fv2%2Ftags&post=15956"}],"curies":[{"name":"wp","href":"https:\/\/api.w.org\/{rel}","templated":true}]}}