{"id":15825,"date":"2020-09-24T14:23:00","date_gmt":"2020-09-24T14:23:00","guid":{"rendered":"http:\/\/5lo.lublin.pl\/?p=15825"},"modified":"2020-09-25T14:05:26","modified_gmt":"2020-09-25T14:05:26","slug":"piatka-w-ratuszu","status":"publish","type":"post","link":"https:\/\/5lo.lublin.pl\/?p=15825","title":{"rendered":"&#8222;Pi\u0105tka&#8221; w Ratuszu"},"content":{"rendered":"\n<p>24.09.2020 w sali sesyjnej Lubelskiego Ratusza odby\u0142o si\u0119 Uroczyste Podsumowanie Wsp\u00f3\u0142zawodnictwa Sportowego Szk\u00f3\u0142 Miasta Lublin za rok szkolny 2019\/20 z przedstawicielami i zawodnikami zwyci\u0119skich szk\u00f3\u0142. <\/p>\n\n\n\n<p>V Liceum Og\u00f3lnokszta\u0142c\u0105ce zdoby\u0142o I miejsce w Licealiadzie Miasta Lublin 2019\/2020 w kategorii dziewcz\u0105t i ch\u0142opc\u00f3w. Pami\u0105tkowe puchary, medale i dyplomy na r\u0119ce: Pani Dyrektor Beaty Jezierskiej, nauczyciela wychowania fizycznego Pana Paw\u0142a Goca oraz uczennicy Weroniki Tarachy wr\u0119czy\u0142a Pani Beata Stepaniuk-Ku\u015bmierzak &#8211; Zast\u0119pca Prezydenta ds. Kultury, Sportu i Partycypacji, kt\u00f3ra podzi\u0119kowa\u0142a wszystkim za motywacj\u0119 i zaanga\u017cowanie w tym trudnym dla sportu czasie. Dodatkowo, w czerwcu w ramach nagrody nasza szko\u0142a otrzyma\u0142a dwa vouchery o \u0142\u0105cznej warto\u015bci 3000z\u0142 na zakup sprz\u0119tu sportowego.<\/p>\n\n\n\n<p>By\u0142 to kolejny spektakularny sukces sportowc\u00f3w V LO!<\/p>\n\n\n\n<p>Klasyfikacja ko\u0144cowa 2019\/2020<\/p>\n\n\n\n<p><strong>Licealiada dziewcz\u0105t<\/strong><\/p>\n\n\n\n<ol><li>V Liceum Og\u00f3lnokszta\u0142c\u0105ce<\/li><li>III Liceum Og\u00f3lnokszta\u0142c\u0105ce<\/li><li>Zesp\u00f3\u0142 Szk\u00f3\u0142 Nr 5 <\/li><\/ol>\n\n\n\n<p><strong>Licealiada ch\u0142opc\u00f3w<\/strong><\/p>\n\n\n\n<ol><li>V Liceum Og\u00f3lnokszta\u0142c\u0105ce<\/li><li>Zesp\u00f3\u0142 Szk\u00f3\u0142 Elektronicznych<\/li><li>I Liceum Og\u00f3lnokszta\u0142c\u0105ce<\/li><\/ol>\n\n\n\n<p>Serdecznie gratulujemy naszym sportowcom i \u017cyczymy powodzenia w rozgrywkach w bie\u017c\u0105cym roku szkolnym!<\/p>\n\n\n<div id=\"metaslider-id-15832\" style=\"max-width: 1099px; margin: 0 auto;\" class=\"ml-slider-3-62-0 metaslider metaslider-responsive metaslider-15832 ml-slider ms-theme-default\" role=\"region\" aria-roledescription=\"Slideshow\" aria-label=\"Wsp\u00f3\u0142zawodnictwo 19\/20\">\n    <div id=\"metaslider_container_15832\">\n        <ul id='metaslider_15832' class='rslides'>\n            <li aria-roledescription='slide' aria-labelledby='slide-0'><img loading=\"lazy\" decoding=\"async\" src=\"https:\/\/5lo.lublin.pl\/wp-content\/uploads\/2020\/09\/IMG_4040-scaled-1099x900.jpg\" height=\"900\" width=\"1099\" alt=\"\" class=\"slider-15832 slide-15838\" title=\"IMG_4040\" \/><\/li>\n            <li style='display: none;' aria-roledescription='slide' aria-labelledby='slide-1'><img loading=\"lazy\" decoding=\"async\" src=\"https:\/\/5lo.lublin.pl\/wp-content\/uploads\/2020\/09\/IMG_4058-scaled-1099x900.jpg\" height=\"900\" width=\"1099\" alt=\"\" class=\"slider-15832 slide-15839\" title=\"IMG_4058\" \/><\/li>\n            <li style='display: none;' aria-roledescription='slide' aria-labelledby='slide-2'><img loading=\"lazy\" decoding=\"async\" src=\"https:\/\/5lo.lublin.pl\/wp-content\/uploads\/2020\/09\/IMG_4065-scaled-1066x872.jpg\" height=\"900\" width=\"1099\" alt=\"\" class=\"slider-15832 slide-15840\" title=\"IMG_4065\" \/><\/li>\n            <li style='display: none;' aria-roledescription='slide' aria-labelledby='slide-3'><img loading=\"lazy\" decoding=\"async\" src=\"https:\/\/5lo.lublin.pl\/wp-content\/uploads\/2020\/09\/IMG_4072-scaled-1099x900.jpg\" height=\"900\" width=\"1099\" alt=\"\" class=\"slider-15832 slide-15841\" title=\"IMG_4072\" \/><\/li>\n            <li style='display: none;' aria-roledescription='slide' aria-labelledby='slide-4'><img loading=\"lazy\" decoding=\"async\" src=\"https:\/\/5lo.lublin.pl\/wp-content\/uploads\/2020\/09\/IMG_4079-scaled-1099x900.jpg\" height=\"900\" width=\"1099\" alt=\"\" class=\"slider-15832 slide-15842\" title=\"IMG_4079\" \/><\/li>\n            <li style='display: none;' aria-roledescription='slide' aria-labelledby='slide-5'><img loading=\"lazy\" decoding=\"async\" src=\"https:\/\/5lo.lublin.pl\/wp-content\/uploads\/2020\/09\/IMG_4076-1099x900.jpg\" height=\"900\" width=\"1099\" alt=\"\" class=\"slider-15832 slide-15845\" title=\"IMG_4076\" \/><\/li>\n        <\/ul>\n        \n    <\/div>\n<\/div>\n\n\n\n<p><\/p>\n","protected":false},"excerpt":{"rendered":"<p>24.09.2020 w sali sesyjnej Lubelskiego Ratusza odby\u0142o si\u0119 Uroczyste Podsumowanie Wsp\u00f3\u0142zawodnictwa Sportowego Szk\u00f3\u0142 Miasta Lublin za rok szkolny 2019\/20 z przedstawicielami i zawodnikami zwyci\u0119skich szk\u00f3\u0142. V Liceum Og\u00f3lnokszta\u0142c\u0105ce zdoby\u0142o I miejsce w Licealiadzie Miasta Lublin 2019\/2020 w kategorii dziewcz\u0105t i ch\u0142opc\u00f3w. Pami\u0105tkowe puchary, medale i dyplomy na r\u0119ce: Pani Dyrektor Beaty Jezierskiej, nauczyciela wychowania fizycznego [&hellip;]<\/p>\n","protected":false},"author":12,"featured_media":15837,"comment_status":"open","ping_status":"open","sticky":false,"template":"","format":"standard","meta":{"footnotes":""},"categories":[138,133],"tags":[],"_links":{"self":[{"href":"https:\/\/5lo.lublin.pl\/index.php?rest_route=\/wp\/v2\/posts\/15825"}],"collection":[{"href":"https:\/\/5lo.lublin.pl\/index.php?rest_route=\/wp\/v2\/posts"}],"about":[{"href":"https:\/\/5lo.lublin.pl\/index.php?rest_route=\/wp\/v2\/types\/post"}],"author":[{"embeddable":true,"href":"https:\/\/5lo.lublin.pl\/index.php?rest_route=\/wp\/v2\/users\/12"}],"replies":[{"embeddable":true,"href":"https:\/\/5lo.lublin.pl\/index.php?rest_route=%2Fwp%2Fv2%2Fcomments&post=15825"}],"version-history":[{"count":1,"href":"https:\/\/5lo.lublin.pl\/index.php?rest_route=\/wp\/v2\/posts\/15825\/revisions"}],"predecessor-version":[{"id":15851,"href":"https:\/\/5lo.lublin.pl\/index.php?rest_route=\/wp\/v2\/posts\/15825\/revisions\/15851"}],"wp:featuredmedia":[{"embeddable":true,"href":"https:\/\/5lo.lublin.pl\/index.php?rest_route=\/wp\/v2\/media\/15837"}],"wp:attachment":[{"href":"https:\/\/5lo.lublin.pl\/index.php?rest_route=%2Fwp%2Fv2%2Fmedia&parent=15825"}],"wp:term":[{"taxonomy":"category","embeddable":true,"href":"https:\/\/5lo.lublin.pl\/index.php?rest_route=%2Fwp%2Fv2%2Fcategories&post=15825"},{"taxonomy":"post_tag","embeddable":true,"href":"https:\/\/5lo.lublin.pl\/index.php?rest_route=%2Fwp%2Fv2%2Ftags&post=15825"}],"curies":[{"name":"wp","href":"https:\/\/api.w.org\/{rel}","templated":true}]}}