{"id":15816,"date":"2020-09-23T14:23:06","date_gmt":"2020-09-23T14:23:06","guid":{"rendered":"http:\/\/5lo.lublin.pl\/?p=15816"},"modified":"2020-09-24T17:07:31","modified_gmt":"2020-09-24T17:07:31","slug":"uczniowie-klasy-3f-objeci-kwarantanna","status":"publish","type":"post","link":"https:\/\/5lo.lublin.pl\/?p=15816","title":{"rendered":"Uczniowie klasy 3f obj\u0119ci kwarantann\u0105"},"content":{"rendered":"\n<p class=\"has-text-align-center has-normal-font-size\">Informuj\u0119, \u017ce uczniowie klasy 3f zostali obj\u0119ci kwarantann\u0105 od 23 do 28 wrze\u015bnia (w\u0142\u0105cznie).<\/p>\n\n\n\n<p class=\"has-text-align-center has-normal-font-size\">W zwi\u0105zku z tym nauczanie w tej klasie realizowane b\u0119dzie w trybie zdalnym.<\/p>\n\n\n\n<p class=\"has-text-align-center has-normal-font-size\">Beata Jezierska<\/p>\n\n\n\n<p class=\"has-text-align-center has-normal-font-size\">Dyrektor V LO<\/p>\n","protected":false},"excerpt":{"rendered":"<p>Informuj\u0119, \u017ce uczniowie klasy 3f zostali obj\u0119ci kwarantann\u0105 od 23 do 28 wrze\u015bnia (w\u0142\u0105cznie). W zwi\u0105zku z tym nauczanie w tej klasie realizowane b\u0119dzie w trybie zdalnym. Beata Jezierska Dyrektor V LO<\/p>\n","protected":false},"author":23,"featured_media":15818,"comment_status":"open","ping_status":"open","sticky":false,"template":"","format":"standard","meta":{"footnotes":""},"categories":[345,1],"tags":[],"_links":{"self":[{"href":"https:\/\/5lo.lublin.pl\/index.php?rest_route=\/wp\/v2\/posts\/15816"}],"collection":[{"href":"https:\/\/5lo.lublin.pl\/index.php?rest_route=\/wp\/v2\/posts"}],"about":[{"href":"https:\/\/5lo.lublin.pl\/index.php?rest_route=\/wp\/v2\/types\/post"}],"author":[{"embeddable":true,"href":"https:\/\/5lo.lublin.pl\/index.php?rest_route=\/wp\/v2\/users\/23"}],"replies":[{"embeddable":true,"href":"https:\/\/5lo.lublin.pl\/index.php?rest_route=%2Fwp%2Fv2%2Fcomments&post=15816"}],"version-history":[{"count":1,"href":"https:\/\/5lo.lublin.pl\/index.php?rest_route=\/wp\/v2\/posts\/15816\/revisions"}],"predecessor-version":[{"id":15823,"href":"https:\/\/5lo.lublin.pl\/index.php?rest_route=\/wp\/v2\/posts\/15816\/revisions\/15823"}],"wp:featuredmedia":[{"embeddable":true,"href":"https:\/\/5lo.lublin.pl\/index.php?rest_route=\/wp\/v2\/media\/15818"}],"wp:attachment":[{"href":"https:\/\/5lo.lublin.pl\/index.php?rest_route=%2Fwp%2Fv2%2Fmedia&parent=15816"}],"wp:term":[{"taxonomy":"category","embeddable":true,"href":"https:\/\/5lo.lublin.pl\/index.php?rest_route=%2Fwp%2Fv2%2Fcategories&post=15816"},{"taxonomy":"post_tag","embeddable":true,"href":"https:\/\/5lo.lublin.pl\/index.php?rest_route=%2Fwp%2Fv2%2Ftags&post=15816"}],"curies":[{"name":"wp","href":"https:\/\/api.w.org\/{rel}","templated":true}]}}