{"id":15803,"date":"2020-09-22T20:54:50","date_gmt":"2020-09-22T20:54:50","guid":{"rendered":"http:\/\/5lo.lublin.pl\/?p=15803"},"modified":"2020-09-22T20:54:54","modified_gmt":"2020-09-22T20:54:54","slug":"lekcja-inna-niz-wszystkie","status":"publish","type":"post","link":"https:\/\/5lo.lublin.pl\/?p=15803","title":{"rendered":"Lekcja inna ni\u017c wszystkie"},"content":{"rendered":"\n<p class=\"has-text-align-center has-medium-font-size\"><strong>V Festiwal Reporta\u017cu w Lublinie<\/strong><\/p>\n\n\n\n<p class=\"has-normal-font-size\">We wtorek 22 wrze\u015bnia 2020 r. klasa III H uczestniczy\u0142a w zaj\u0119ciach warsztatowych zorganizowanych w ramach <strong>Festiwalu Reporta\u017cu<\/strong> w Radio Lublin. Prowadz\u0105ca Anna \u015amigulec zapozna\u0142a m\u0142odzie\u017c z \u201eReporta\u017cem literackim- mitami i faktami\u201d. Reporterka \u201eDu\u017cego Formatu\u201d, \u201eWysokich Obcas\u00f3w\u201d, \u201eNewsweeka\u201d i \u201eTygodnika Powszechnego\u201d z ogromn\u0105 swad\u0105 opowiada\u0142a o pracy dziennikarza, formie reporta\u017cu i o tym, jak wra\u017cliwo\u015b\u0107 spo\u0142eczna wp\u0142ywa na kreacj\u0119 \u015bwiata w tym gatunku publicystycznym. Spotkanie z autork\u0105 sta\u0142o si\u0119 zaproszeniem dla tych, kt\u00f3rzy chc\u0105 czyta\u0107 i pisa\u0107 literackie reporta\u017ce.<\/p>\n\n\n\n<p class=\"has-normal-font-size\">\u201eCzytelnia reporta\u017cu\u201d, do kt\u00f3rej zaprosili m\u0142odzie\u017c prowadz\u0105cy Rafa\u0142 Szczerbakiewicz i czytaj\u0105cy teksty Mateusz Nowak by\u0142a interesuj\u0105cym wprowadzeniem do ksi\u0105\u017cek nominowanych do festiwalowej nagrody Prezydenta Miasta Lublin. W\u015br\u00f3d pi\u0119ciu tytu\u0142\u00f3w znalaz\u0142y si\u0119: <em>Domy bezdomne<\/em> Doroty Brauntsch, <em>27 \u015bmierci Toby\u2019ego Obeda<\/em> Joanny Gierak-Onoszko, <em>Strup. Hiszpania rozdrapuje rany<\/em> Katarzyny Kobylarczyk, <em>Borderline. Dwana\u015bcie podr\u00f3\u017cy do Birmy<\/em> Grzegorza Sterna oraz <em>G\u0142osy. Co si\u0119 zdarzy\u0142o na wyspie Jersey<\/em>, Dionisiosa Sturisa i Ewy Winnickiej.<\/p>\n\n\n\n<p class=\"has-normal-font-size\">\u00a0W czasie festiwalowych spotka\u0144 m\u0142odzie\u017c dowiedzia\u0142a si\u0119, \u017ce prawda jest dziwniejsza od fikcji a czytanie reporta\u017cy mo\u017ce sta\u0107 si\u0119 przygod\u0105 i pasj\u0105.<\/p>\n\n\n\n<p class=\"has-text-align-right has-normal-font-size\">\u00a0Magdalena Kobyli\u0144ska<\/p>\n\n\n\n<div class=\"wp-block-image\"><figure class=\"aligncenter size-large\"><img loading=\"lazy\" decoding=\"async\" width=\"1024\" height=\"1024\" src=\"https:\/\/5lo.lublin.pl\/wp-content\/uploads\/2020\/09\/20200922_120218-1024x1024.jpg\" alt=\"\" class=\"wp-image-15804\" srcset=\"https:\/\/5lo.lublin.pl\/wp-content\/uploads\/2020\/09\/20200922_120218-1024x1024.jpg 1024w, https:\/\/5lo.lublin.pl\/wp-content\/uploads\/2020\/09\/20200922_120218-300x300.jpg 300w, https:\/\/5lo.lublin.pl\/wp-content\/uploads\/2020\/09\/20200922_120218-150x150.jpg 150w, https:\/\/5lo.lublin.pl\/wp-content\/uploads\/2020\/09\/20200922_120218-768x768.jpg 768w, https:\/\/5lo.lublin.pl\/wp-content\/uploads\/2020\/09\/20200922_120218-120x120.jpg 120w, https:\/\/5lo.lublin.pl\/wp-content\/uploads\/2020\/09\/20200922_120218.jpg 1396w\" sizes=\"(max-width: 1024px) 100vw, 1024px\" \/><\/figure><\/div>\n\n\n\n<div class=\"wp-block-image\"><figure class=\"aligncenter size-large\"><img loading=\"lazy\" decoding=\"async\" width=\"1024\" height=\"1024\" src=\"https:\/\/5lo.lublin.pl\/wp-content\/uploads\/2020\/09\/20200922_120224-1024x1024.jpg\" alt=\"\" class=\"wp-image-15805\" srcset=\"https:\/\/5lo.lublin.pl\/wp-content\/uploads\/2020\/09\/20200922_120224-1024x1024.jpg 1024w, https:\/\/5lo.lublin.pl\/wp-content\/uploads\/2020\/09\/20200922_120224-300x300.jpg 300w, https:\/\/5lo.lublin.pl\/wp-content\/uploads\/2020\/09\/20200922_120224-150x150.jpg 150w, https:\/\/5lo.lublin.pl\/wp-content\/uploads\/2020\/09\/20200922_120224-768x768.jpg 768w, https:\/\/5lo.lublin.pl\/wp-content\/uploads\/2020\/09\/20200922_120224-120x120.jpg 120w, https:\/\/5lo.lublin.pl\/wp-content\/uploads\/2020\/09\/20200922_120224.jpg 1396w\" sizes=\"(max-width: 1024px) 100vw, 1024px\" \/><\/figure><\/div>\n\n\n\n<div class=\"wp-block-image\"><figure class=\"aligncenter size-large\"><img loading=\"lazy\" decoding=\"async\" width=\"1024\" height=\"1024\" src=\"https:\/\/5lo.lublin.pl\/wp-content\/uploads\/2020\/09\/20200922_120250-1024x1024.jpg\" alt=\"\" class=\"wp-image-15806\" srcset=\"https:\/\/5lo.lublin.pl\/wp-content\/uploads\/2020\/09\/20200922_120250-1024x1024.jpg 1024w, https:\/\/5lo.lublin.pl\/wp-content\/uploads\/2020\/09\/20200922_120250-300x300.jpg 300w, https:\/\/5lo.lublin.pl\/wp-content\/uploads\/2020\/09\/20200922_120250-150x150.jpg 150w, https:\/\/5lo.lublin.pl\/wp-content\/uploads\/2020\/09\/20200922_120250-768x768.jpg 768w, https:\/\/5lo.lublin.pl\/wp-content\/uploads\/2020\/09\/20200922_120250-120x120.jpg 120w, https:\/\/5lo.lublin.pl\/wp-content\/uploads\/2020\/09\/20200922_120250.jpg 1396w\" sizes=\"(max-width: 1024px) 100vw, 1024px\" \/><\/figure><\/div>\n\n\n\n<div class=\"wp-block-image\"><figure class=\"aligncenter size-large\"><img loading=\"lazy\" decoding=\"async\" width=\"1024\" height=\"1024\" src=\"https:\/\/5lo.lublin.pl\/wp-content\/uploads\/2020\/09\/20200922_131850-1024x1024.jpg\" alt=\"\" class=\"wp-image-15807\" srcset=\"https:\/\/5lo.lublin.pl\/wp-content\/uploads\/2020\/09\/20200922_131850-1024x1024.jpg 1024w, https:\/\/5lo.lublin.pl\/wp-content\/uploads\/2020\/09\/20200922_131850-300x300.jpg 300w, https:\/\/5lo.lublin.pl\/wp-content\/uploads\/2020\/09\/20200922_131850-150x150.jpg 150w, https:\/\/5lo.lublin.pl\/wp-content\/uploads\/2020\/09\/20200922_131850-768x768.jpg 768w, https:\/\/5lo.lublin.pl\/wp-content\/uploads\/2020\/09\/20200922_131850-120x120.jpg 120w, https:\/\/5lo.lublin.pl\/wp-content\/uploads\/2020\/09\/20200922_131850.jpg 1396w\" sizes=\"(max-width: 1024px) 100vw, 1024px\" \/><\/figure><\/div>\n","protected":false},"excerpt":{"rendered":"<p>V Festiwal Reporta\u017cu w Lublinie We wtorek 22 wrze\u015bnia 2020 r. klasa III H uczestniczy\u0142a w zaj\u0119ciach warsztatowych zorganizowanych w ramach Festiwalu Reporta\u017cu w Radio Lublin. Prowadz\u0105ca Anna \u015amigulec zapozna\u0142a m\u0142odzie\u017c z \u201eReporta\u017cem literackim- mitami i faktami\u201d. Reporterka \u201eDu\u017cego Formatu\u201d, \u201eWysokich Obcas\u00f3w\u201d, \u201eNewsweeka\u201d i \u201eTygodnika Powszechnego\u201d z ogromn\u0105 swad\u0105 opowiada\u0142a o pracy dziennikarza, formie reporta\u017cu [&hellip;]<\/p>\n","protected":false},"author":23,"featured_media":15808,"comment_status":"open","ping_status":"open","sticky":false,"template":"","format":"standard","meta":{"footnotes":""},"categories":[1,133],"tags":[],"_links":{"self":[{"href":"https:\/\/5lo.lublin.pl\/index.php?rest_route=\/wp\/v2\/posts\/15803"}],"collection":[{"href":"https:\/\/5lo.lublin.pl\/index.php?rest_route=\/wp\/v2\/posts"}],"about":[{"href":"https:\/\/5lo.lublin.pl\/index.php?rest_route=\/wp\/v2\/types\/post"}],"author":[{"embeddable":true,"href":"https:\/\/5lo.lublin.pl\/index.php?rest_route=\/wp\/v2\/users\/23"}],"replies":[{"embeddable":true,"href":"https:\/\/5lo.lublin.pl\/index.php?rest_route=%2Fwp%2Fv2%2Fcomments&post=15803"}],"version-history":[{"count":1,"href":"https:\/\/5lo.lublin.pl\/index.php?rest_route=\/wp\/v2\/posts\/15803\/revisions"}],"predecessor-version":[{"id":15814,"href":"https:\/\/5lo.lublin.pl\/index.php?rest_route=\/wp\/v2\/posts\/15803\/revisions\/15814"}],"wp:featuredmedia":[{"embeddable":true,"href":"https:\/\/5lo.lublin.pl\/index.php?rest_route=\/wp\/v2\/media\/15808"}],"wp:attachment":[{"href":"https:\/\/5lo.lublin.pl\/index.php?rest_route=%2Fwp%2Fv2%2Fmedia&parent=15803"}],"wp:term":[{"taxonomy":"category","embeddable":true,"href":"https:\/\/5lo.lublin.pl\/index.php?rest_route=%2Fwp%2Fv2%2Fcategories&post=15803"},{"taxonomy":"post_tag","embeddable":true,"href":"https:\/\/5lo.lublin.pl\/index.php?rest_route=%2Fwp%2Fv2%2Ftags&post=15803"}],"curies":[{"name":"wp","href":"https:\/\/api.w.org\/{rel}","templated":true}]}}