{"id":15629,"date":"2020-09-09T18:40:00","date_gmt":"2020-09-09T18:40:00","guid":{"rendered":"http:\/\/5lo.lublin.pl\/?p=15629"},"modified":"2020-09-11T13:24:11","modified_gmt":"2020-09-11T13:24:11","slug":"spotkania-z-rodzicami-klasy-drugie-i-trzecie","status":"publish","type":"post","link":"https:\/\/5lo.lublin.pl\/?p=15629","title":{"rendered":"Spotkania z rodzicami &#8211; klasy drugie i trzecie"},"content":{"rendered":"\n<p style=\"font-size:18px\" class=\"has-text-align-center\"><strong>Harmonogram spotka\u0144 rodzic\u00f3w uczni\u00f3w klas drugich i trzecich<\/strong> <strong>z wychowawcami<br> na platformie MS Teams w dniu 17 wrze\u015bnia 2020 r.:<\/strong><\/p>\n\n\n\n<div class=\"wp-block-image\"><figure class=\"aligncenter size-large\"><img loading=\"lazy\" decoding=\"async\" width=\"632\" height=\"374\" src=\"https:\/\/5lo.lublin.pl\/wp-content\/uploads\/2020\/09\/klasy-2-1.png\" alt=\"\" class=\"wp-image-15639\" srcset=\"https:\/\/5lo.lublin.pl\/wp-content\/uploads\/2020\/09\/klasy-2-1.png 632w, https:\/\/5lo.lublin.pl\/wp-content\/uploads\/2020\/09\/klasy-2-1-300x178.png 300w, https:\/\/5lo.lublin.pl\/wp-content\/uploads\/2020\/09\/klasy-2-1-370x220.png 370w\" sizes=\"(max-width: 632px) 100vw, 632px\" \/><\/figure><\/div>\n\n\n\n<div class=\"wp-block-image\"><figure class=\"aligncenter size-large\"><img loading=\"lazy\" decoding=\"async\" width=\"757\" height=\"396\" src=\"https:\/\/5lo.lublin.pl\/wp-content\/uploads\/2020\/09\/klasy-3.png\" alt=\"\" class=\"wp-image-15631\" srcset=\"https:\/\/5lo.lublin.pl\/wp-content\/uploads\/2020\/09\/klasy-3.png 757w, https:\/\/5lo.lublin.pl\/wp-content\/uploads\/2020\/09\/klasy-3-300x157.png 300w\" sizes=\"(max-width: 757px) 100vw, 757px\" \/><\/figure><\/div>\n","protected":false},"excerpt":{"rendered":"<p>Harmonogram spotka\u0144 rodzic\u00f3w uczni\u00f3w klas drugich i trzecich z wychowawcami na platformie MS Teams w dniu 17 wrze\u015bnia 2020 r.:<\/p>\n","protected":false},"author":23,"featured_media":3517,"comment_status":"open","ping_status":"open","sticky":false,"template":"","format":"standard","meta":{"footnotes":""},"categories":[1],"tags":[],"_links":{"self":[{"href":"https:\/\/5lo.lublin.pl\/index.php?rest_route=\/wp\/v2\/posts\/15629"}],"collection":[{"href":"https:\/\/5lo.lublin.pl\/index.php?rest_route=\/wp\/v2\/posts"}],"about":[{"href":"https:\/\/5lo.lublin.pl\/index.php?rest_route=\/wp\/v2\/types\/post"}],"author":[{"embeddable":true,"href":"https:\/\/5lo.lublin.pl\/index.php?rest_route=\/wp\/v2\/users\/23"}],"replies":[{"embeddable":true,"href":"https:\/\/5lo.lublin.pl\/index.php?rest_route=%2Fwp%2Fv2%2Fcomments&post=15629"}],"version-history":[{"count":1,"href":"https:\/\/5lo.lublin.pl\/index.php?rest_route=\/wp\/v2\/posts\/15629\/revisions"}],"predecessor-version":[{"id":15640,"href":"https:\/\/5lo.lublin.pl\/index.php?rest_route=\/wp\/v2\/posts\/15629\/revisions\/15640"}],"wp:featuredmedia":[{"embeddable":true,"href":"https:\/\/5lo.lublin.pl\/index.php?rest_route=\/wp\/v2\/media\/3517"}],"wp:attachment":[{"href":"https:\/\/5lo.lublin.pl\/index.php?rest_route=%2Fwp%2Fv2%2Fmedia&parent=15629"}],"wp:term":[{"taxonomy":"category","embeddable":true,"href":"https:\/\/5lo.lublin.pl\/index.php?rest_route=%2Fwp%2Fv2%2Fcategories&post=15629"},{"taxonomy":"post_tag","embeddable":true,"href":"https:\/\/5lo.lublin.pl\/index.php?rest_route=%2Fwp%2Fv2%2Ftags&post=15629"}],"curies":[{"name":"wp","href":"https:\/\/api.w.org\/{rel}","templated":true}]}}