{"id":15623,"date":"2020-09-09T18:34:00","date_gmt":"2020-09-09T18:34:00","guid":{"rendered":"http:\/\/5lo.lublin.pl\/?p=15623"},"modified":"2020-09-10T18:35:40","modified_gmt":"2020-09-10T18:35:40","slug":"spotkania-z-rodzicami-klasy-pierwsze","status":"publish","type":"post","link":"https:\/\/5lo.lublin.pl\/?p=15623","title":{"rendered":"Spotkania z rodzicami &#8211; klasy pierwsze"},"content":{"rendered":"\n<p class=\"has-text-align-left has-normal-font-size\"><strong>Harmonogram spotka\u0144 rodzic\u00f3w uczni\u00f3w klas pierwszych<\/strong> <strong>z wychowawcami w dniu 16 wrze\u015bnia 2020r.:<\/strong><\/p>\n\n\n\n<figure class=\"wp-block-image size-large\"><img loading=\"lazy\" decoding=\"async\" width=\"757\" height=\"776\" src=\"https:\/\/5lo.lublin.pl\/wp-content\/uploads\/2020\/09\/klasy-1-1.png\" alt=\"\" class=\"wp-image-15626\" srcset=\"https:\/\/5lo.lublin.pl\/wp-content\/uploads\/2020\/09\/klasy-1-1.png 757w, https:\/\/5lo.lublin.pl\/wp-content\/uploads\/2020\/09\/klasy-1-1-293x300.png 293w\" sizes=\"(max-width: 757px) 100vw, 757px\" \/><\/figure>\n","protected":false},"excerpt":{"rendered":"<p>Harmonogram spotka\u0144 rodzic\u00f3w uczni\u00f3w klas pierwszych z wychowawcami w dniu 16 wrze\u015bnia 2020r.:<\/p>\n","protected":false},"author":23,"featured_media":3517,"comment_status":"open","ping_status":"open","sticky":false,"template":"","format":"standard","meta":{"footnotes":""},"categories":[1],"tags":[],"_links":{"self":[{"href":"https:\/\/5lo.lublin.pl\/index.php?rest_route=\/wp\/v2\/posts\/15623"}],"collection":[{"href":"https:\/\/5lo.lublin.pl\/index.php?rest_route=\/wp\/v2\/posts"}],"about":[{"href":"https:\/\/5lo.lublin.pl\/index.php?rest_route=\/wp\/v2\/types\/post"}],"author":[{"embeddable":true,"href":"https:\/\/5lo.lublin.pl\/index.php?rest_route=\/wp\/v2\/users\/23"}],"replies":[{"embeddable":true,"href":"https:\/\/5lo.lublin.pl\/index.php?rest_route=%2Fwp%2Fv2%2Fcomments&post=15623"}],"version-history":[{"count":1,"href":"https:\/\/5lo.lublin.pl\/index.php?rest_route=\/wp\/v2\/posts\/15623\/revisions"}],"predecessor-version":[{"id":15628,"href":"https:\/\/5lo.lublin.pl\/index.php?rest_route=\/wp\/v2\/posts\/15623\/revisions\/15628"}],"wp:featuredmedia":[{"embeddable":true,"href":"https:\/\/5lo.lublin.pl\/index.php?rest_route=\/wp\/v2\/media\/3517"}],"wp:attachment":[{"href":"https:\/\/5lo.lublin.pl\/index.php?rest_route=%2Fwp%2Fv2%2Fmedia&parent=15623"}],"wp:term":[{"taxonomy":"category","embeddable":true,"href":"https:\/\/5lo.lublin.pl\/index.php?rest_route=%2Fwp%2Fv2%2Fcategories&post=15623"},{"taxonomy":"post_tag","embeddable":true,"href":"https:\/\/5lo.lublin.pl\/index.php?rest_route=%2Fwp%2Fv2%2Ftags&post=15623"}],"curies":[{"name":"wp","href":"https:\/\/api.w.org\/{rel}","templated":true}]}}