{"id":15620,"date":"2020-09-02T14:54:00","date_gmt":"2020-09-02T14:54:00","guid":{"rendered":"http:\/\/5lo.lublin.pl\/?p=15620"},"modified":"2020-09-10T17:40:16","modified_gmt":"2020-09-10T17:40:16","slug":"lubelskie-wspiera-uzdolnionych","status":"publish","type":"post","link":"https:\/\/5lo.lublin.pl\/?p=15620","title":{"rendered":"Lubelskie wspiera uzdolnionych"},"content":{"rendered":"\n<p class=\"has-normal-font-size\"><strong>\u201eLubelskie wspiera uzdolnionych 2020-2021\u201d<\/strong><strong>\u2013 nab\u00f3r wniosk\u00f3w o przyznanie stypendium dla uczni\u00f3w szk\u00f3\u0142 prowadz\u0105cych kszta\u0142cenie og\u00f3lne<\/strong><\/p>\n\n\n\n<p class=\"has-normal-font-size\">Program zak\u0142ada przyznanie w&nbsp;roku szkolnym 2020\/2021 \u2013&nbsp; 501 stypendi\u00f3w najzdolniejszym uczniom, kt\u00f3rzy spe\u0142ni\u0105 wymagane regulaminem kryteria i&nbsp;uzyskaj\u0105 najwy\u017csz\u0105 punktacj\u0119 w&nbsp;post\u0119powaniu kwalifikacyjnym. Przewiduje si\u0119 udzielenie stypendi\u00f3w w nast\u0119puj\u0105cych proporcjach: 200 stypendi\u00f3w dla uczni\u00f3w klas VII i VIII szk\u00f3\u0142 podstawowych, 200 \u2013 dla uczni\u00f3w I klas lice\u00f3w og\u00f3lnokszta\u0142c\u0105cych, 101 \u2013 dla uczni\u00f3w II i III klas lice\u00f3w og\u00f3lnokszta\u0142c\u0105cych.<\/p>\n\n\n\n<p class=\"has-normal-font-size\">Stypendium przyznane b\u0119dzie na okres 10 miesi\u0119cy, od 1 wrze\u015bnia 2020 r. do 30&nbsp;czerwca&nbsp;2021&nbsp;r. \u0141\u0105czna kwota wsparcia stypendialnego wyniesie 3 900 PLN, tj. 390 z\u0142 miesi\u0119cznie. O stypendium mog\u0105 ubiega\u0107 si\u0119 uczniowie szk\u00f3\u0142 prowadz\u0105cych kszta\u0142cenie og\u00f3lne (z wy\u0142\u0105czeniem szk\u00f3\u0142 dla doros\u0142ych),&nbsp;bez podstawy programowej kszta\u0142cenia w zawodach, spe\u0142niaj\u0105cy warunki okre\u015blone w regulaminie.<\/p>\n\n\n\n<p class=\"has-normal-font-size\"><strong>Wnioski o&nbsp;przyznanie stypendium na rok szkolny 2020\/2021 nale\u017cy sk\u0142ada\u0107 w&nbsp;terminie od 1 do 18 wrze\u015bnia 2020 r.<\/strong><\/p>\n\n\n\n<p class=\"has-normal-font-size\"><a href=\"https:\/\/umwl.bip.lubelskie.pl\/index.php?id=1116&amp;p1=szczegoly&amp;p2=1544261\" target=\"_blank\" rel=\"noreferrer noopener\">Regulamin, instrukcja i formularze niezb\u0119dne do ubiegania si\u0119 o stypendium.<\/a><\/p>\n\n\n\n<p class=\"has-normal-font-size\"><em>Projekt \u201eLubelskie wspiera uzdolnionych 2020-2021\u201d realizowany jest przez Wojew\u00f3dztwo Lubelskie w&nbsp;ramach 12 Osi Priorytetowej Edukacja, kwalifikacje i&nbsp;kompetencje, Dzia\u0142anie 12.2 Kszta\u0142cenie og\u00f3lne, Regionalnego Programu Operacyjnego Wojew\u00f3dztwa Lubelskiego na lata 2014-2020, wsp\u00f3\u0142finansowanego przez Uni\u0119 Europejsk\u0105 w&nbsp;ramach Europejskiego Funduszu Spo\u0142ecznego.<\/em><\/p>\n","protected":false},"excerpt":{"rendered":"<p>\u201eLubelskie wspiera uzdolnionych 2020-2021\u201d\u2013 nab\u00f3r wniosk\u00f3w o przyznanie stypendium dla uczni\u00f3w szk\u00f3\u0142 prowadz\u0105cych kszta\u0142cenie og\u00f3lne Program zak\u0142ada przyznanie w&nbsp;roku szkolnym 2020\/2021 \u2013&nbsp; 501 stypendi\u00f3w najzdolniejszym uczniom, kt\u00f3rzy spe\u0142ni\u0105 wymagane regulaminem kryteria i&nbsp;uzyskaj\u0105 najwy\u017csz\u0105 punktacj\u0119 w&nbsp;post\u0119powaniu kwalifikacyjnym. Przewiduje si\u0119 udzielenie stypendi\u00f3w w nast\u0119puj\u0105cych proporcjach: 200 stypendi\u00f3w dla uczni\u00f3w klas VII i VIII szk\u00f3\u0142 podstawowych, 200 \u2013 [&hellip;]<\/p>\n","protected":false},"author":23,"featured_media":15622,"comment_status":"open","ping_status":"open","sticky":false,"template":"","format":"standard","meta":{"footnotes":""},"categories":[1],"tags":[],"_links":{"self":[{"href":"https:\/\/5lo.lublin.pl\/index.php?rest_route=\/wp\/v2\/posts\/15620"}],"collection":[{"href":"https:\/\/5lo.lublin.pl\/index.php?rest_route=\/wp\/v2\/posts"}],"about":[{"href":"https:\/\/5lo.lublin.pl\/index.php?rest_route=\/wp\/v2\/types\/post"}],"author":[{"embeddable":true,"href":"https:\/\/5lo.lublin.pl\/index.php?rest_route=\/wp\/v2\/users\/23"}],"replies":[{"embeddable":true,"href":"https:\/\/5lo.lublin.pl\/index.php?rest_route=%2Fwp%2Fv2%2Fcomments&post=15620"}],"version-history":[{"count":1,"href":"https:\/\/5lo.lublin.pl\/index.php?rest_route=\/wp\/v2\/posts\/15620\/revisions"}],"predecessor-version":[{"id":15621,"href":"https:\/\/5lo.lublin.pl\/index.php?rest_route=\/wp\/v2\/posts\/15620\/revisions\/15621"}],"wp:featuredmedia":[{"embeddable":true,"href":"https:\/\/5lo.lublin.pl\/index.php?rest_route=\/wp\/v2\/media\/15622"}],"wp:attachment":[{"href":"https:\/\/5lo.lublin.pl\/index.php?rest_route=%2Fwp%2Fv2%2Fmedia&parent=15620"}],"wp:term":[{"taxonomy":"category","embeddable":true,"href":"https:\/\/5lo.lublin.pl\/index.php?rest_route=%2Fwp%2Fv2%2Fcategories&post=15620"},{"taxonomy":"post_tag","embeddable":true,"href":"https:\/\/5lo.lublin.pl\/index.php?rest_route=%2Fwp%2Fv2%2Ftags&post=15620"}],"curies":[{"name":"wp","href":"https:\/\/api.w.org\/{rel}","templated":true}]}}