{"id":15606,"date":"2020-09-07T19:43:51","date_gmt":"2020-09-07T19:43:51","guid":{"rendered":"http:\/\/5lo.lublin.pl\/?p=15606"},"modified":"2020-09-18T10:31:49","modified_gmt":"2020-09-18T10:31:49","slug":"xxiii-jesienne-debiuty-poetyckie","status":"publish","type":"post","link":"https:\/\/5lo.lublin.pl\/?p=15606","title":{"rendered":"XXIII Jesienne Debiuty Poetyckie"},"content":{"rendered":"\n<h4 class=\"has-text-align-center wp-block-heading\"><strong>Og\u00f3lnopolski Przegl\u0105d Poezji<\/strong> <strong>pod patronatem Wydzia\u0142u Nauk Humanistycznych<\/strong> <strong>Katolickiego Uniwersytetu Lubelskiego Jana Paw\u0142a II<\/strong><\/h4>\n\n\n\n<p>Drodzy Uczniowie, Szanowni Go\u015bcie!<\/p>\n\n\n\n<p>Serdecznie zapraszamy do udzia\u0142u w XXIII edycji <strong>Og\u00f3lnopolskiego Przegl\u0105du Poezji<\/strong>, kt\u00f3ra w tym roku odb\u0119dzie si\u0119 z zachowaniem wszystkich zasad re\u017cimu sanitarnego (pandemia COVID-19).<\/p>\n\n\n\n<p>Organizatorami debiut\u00f3w s\u0105: V LO w Lublinie oraz Stowarzyszenie PoRa-dek, Wydzia\u0142 Nauk Humanistycznych KUL, Zwi\u0105zek Literat\u00f3w Polskich\/Oddzia\u0142 Lublin oraz Fundacja Fuga Mundi. Projekt odb\u0119dzie si\u0119 pod Honorowym Patronatem Wojewody Lubelskiego oraz Lubelskiego Kuratora O\u015bwiaty.<\/p>\n\n\n\n<p>Wiersze nale\u017cy nadsy\u0142a\u0107 wraz z kart\u0105 zg\u0142oszenia do 2 pa\u017adziernika 2020 r. w formie elektronicznej (plik Word) na adres: <strong>jesiennedebiutypoetyckie@poradek.pl<\/strong><\/p>\n\n\n\n<p>W za\u0142\u0105czniku regulamin konkursu i karta zg\u0142oszenia:<\/p>\n\n\n\n<p><a href=\"http:\/\/www.5lo.lublin.pl\/pliki\/Informacja.pdf\" target=\"_blank\" rel=\"noreferrer noopener\">Informacja o konkursie<\/a><\/p>\n\n\n\n<div class=\"wp-block-file\"><a href=\"https:\/\/5lo.lublin.pl\/wp-content\/uploads\/2020\/09\/KartaZgloszeniaRegulamin_XXIII_JDP_2020.doc\">KartaZgloszeniaRegulamin_XXIII_JDP_2020<\/a><a href=\"https:\/\/5lo.lublin.pl\/wp-content\/uploads\/2020\/09\/KartaZgloszeniaRegulamin_XXIII_JDP_2020.doc\" class=\"wp-block-file__button\" download>Pobierz<\/a><\/div>\n\n\n\n<p><\/p>\n","protected":false},"excerpt":{"rendered":"<p>Og\u00f3lnopolski Przegl\u0105d Poezji pod patronatem Wydzia\u0142u Nauk Humanistycznych Katolickiego Uniwersytetu Lubelskiego Jana Paw\u0142a II Drodzy Uczniowie, Szanowni Go\u015bcie! Serdecznie zapraszamy do udzia\u0142u w XXIII edycji Og\u00f3lnopolskiego Przegl\u0105du Poezji, kt\u00f3ra w tym roku odb\u0119dzie si\u0119 z zachowaniem wszystkich zasad re\u017cimu sanitarnego (pandemia COVID-19). Organizatorami debiut\u00f3w s\u0105: V LO w Lublinie oraz Stowarzyszenie PoRa-dek, Wydzia\u0142 Nauk Humanistycznych [&hellip;]<\/p>\n","protected":false},"author":1,"featured_media":15607,"comment_status":"open","ping_status":"open","sticky":false,"template":"","format":"standard","meta":{"footnotes":""},"categories":[179,160,1],"tags":[],"_links":{"self":[{"href":"https:\/\/5lo.lublin.pl\/index.php?rest_route=\/wp\/v2\/posts\/15606"}],"collection":[{"href":"https:\/\/5lo.lublin.pl\/index.php?rest_route=\/wp\/v2\/posts"}],"about":[{"href":"https:\/\/5lo.lublin.pl\/index.php?rest_route=\/wp\/v2\/types\/post"}],"author":[{"embeddable":true,"href":"https:\/\/5lo.lublin.pl\/index.php?rest_route=\/wp\/v2\/users\/1"}],"replies":[{"embeddable":true,"href":"https:\/\/5lo.lublin.pl\/index.php?rest_route=%2Fwp%2Fv2%2Fcomments&post=15606"}],"version-history":[{"count":1,"href":"https:\/\/5lo.lublin.pl\/index.php?rest_route=\/wp\/v2\/posts\/15606\/revisions"}],"predecessor-version":[{"id":15617,"href":"https:\/\/5lo.lublin.pl\/index.php?rest_route=\/wp\/v2\/posts\/15606\/revisions\/15617"}],"wp:featuredmedia":[{"embeddable":true,"href":"https:\/\/5lo.lublin.pl\/index.php?rest_route=\/wp\/v2\/media\/15607"}],"wp:attachment":[{"href":"https:\/\/5lo.lublin.pl\/index.php?rest_route=%2Fwp%2Fv2%2Fmedia&parent=15606"}],"wp:term":[{"taxonomy":"category","embeddable":true,"href":"https:\/\/5lo.lublin.pl\/index.php?rest_route=%2Fwp%2Fv2%2Fcategories&post=15606"},{"taxonomy":"post_tag","embeddable":true,"href":"https:\/\/5lo.lublin.pl\/index.php?rest_route=%2Fwp%2Fv2%2Ftags&post=15606"}],"curies":[{"name":"wp","href":"https:\/\/api.w.org\/{rel}","templated":true}]}}