{"id":15560,"date":"2020-09-01T22:46:00","date_gmt":"2020-09-01T22:46:00","guid":{"rendered":"http:\/\/5lo.lublin.pl\/?p=15560"},"modified":"2020-09-02T12:47:20","modified_gmt":"2020-09-02T12:47:20","slug":"rozklad-dzwonkow","status":"publish","type":"post","link":"https:\/\/5lo.lublin.pl\/?p=15560","title":{"rendered":"Rozk\u0142ad dzwonk\u00f3w"},"content":{"rendered":"\n<p class=\"has-normal-font-size\">Szanowni Pa\u0144stwo,<\/p>\n\n\n\n<p class=\"has-normal-font-size\">Zapraszamy do zapoznania si\u0119 z nowym rozk\u0142adem dzwonk\u00f3w obowi\u0105zuj\u0105cym w tym roku szkolnym.<\/p>\n\n\n\n<div class=\"wp-block-image\"><figure class=\"aligncenter size-large\"><img loading=\"lazy\" decoding=\"async\" width=\"294\" height=\"450\" src=\"https:\/\/5lo.lublin.pl\/wp-content\/uploads\/2020\/09\/dzwonki.png\" alt=\"\" class=\"wp-image-15561\" srcset=\"https:\/\/5lo.lublin.pl\/wp-content\/uploads\/2020\/09\/dzwonki.png 294w, https:\/\/5lo.lublin.pl\/wp-content\/uploads\/2020\/09\/dzwonki-196x300.png 196w\" sizes=\"(max-width: 294px) 100vw, 294px\" \/><\/figure><\/div>\n","protected":false},"excerpt":{"rendered":"<p>Szanowni Pa\u0144stwo, Zapraszamy do zapoznania si\u0119 z nowym rozk\u0142adem dzwonk\u00f3w obowi\u0105zuj\u0105cym w tym roku szkolnym.<\/p>\n","protected":false},"author":23,"featured_media":15562,"comment_status":"open","ping_status":"open","sticky":false,"template":"","format":"standard","meta":{"footnotes":""},"categories":[1,343],"tags":[],"_links":{"self":[{"href":"https:\/\/5lo.lublin.pl\/index.php?rest_route=\/wp\/v2\/posts\/15560"}],"collection":[{"href":"https:\/\/5lo.lublin.pl\/index.php?rest_route=\/wp\/v2\/posts"}],"about":[{"href":"https:\/\/5lo.lublin.pl\/index.php?rest_route=\/wp\/v2\/types\/post"}],"author":[{"embeddable":true,"href":"https:\/\/5lo.lublin.pl\/index.php?rest_route=\/wp\/v2\/users\/23"}],"replies":[{"embeddable":true,"href":"https:\/\/5lo.lublin.pl\/index.php?rest_route=%2Fwp%2Fv2%2Fcomments&post=15560"}],"version-history":[{"count":1,"href":"https:\/\/5lo.lublin.pl\/index.php?rest_route=\/wp\/v2\/posts\/15560\/revisions"}],"predecessor-version":[{"id":15563,"href":"https:\/\/5lo.lublin.pl\/index.php?rest_route=\/wp\/v2\/posts\/15560\/revisions\/15563"}],"wp:featuredmedia":[{"embeddable":true,"href":"https:\/\/5lo.lublin.pl\/index.php?rest_route=\/wp\/v2\/media\/15562"}],"wp:attachment":[{"href":"https:\/\/5lo.lublin.pl\/index.php?rest_route=%2Fwp%2Fv2%2Fmedia&parent=15560"}],"wp:term":[{"taxonomy":"category","embeddable":true,"href":"https:\/\/5lo.lublin.pl\/index.php?rest_route=%2Fwp%2Fv2%2Fcategories&post=15560"},{"taxonomy":"post_tag","embeddable":true,"href":"https:\/\/5lo.lublin.pl\/index.php?rest_route=%2Fwp%2Fv2%2Ftags&post=15560"}],"curies":[{"name":"wp","href":"https:\/\/api.w.org\/{rel}","templated":true}]}}