{"id":15552,"date":"2020-09-01T12:21:00","date_gmt":"2020-09-01T12:21:00","guid":{"rendered":"http:\/\/5lo.lublin.pl\/?p=15552"},"modified":"2020-09-24T17:13:55","modified_gmt":"2020-09-24T17:13:55","slug":"gabinet-stomatologiczny","status":"publish","type":"post","link":"https:\/\/5lo.lublin.pl\/?p=15552","title":{"rendered":"Gabinet stomatologiczny"},"content":{"rendered":"\n<p class=\"has-normal-font-size\">Szanowni Pa\u0144stwo,<\/p>\n\n\n\n<p class=\"has-normal-font-size\">Zapraszamy do zapoznania si\u0119 z<a href=\"https:\/\/5lo.lublin.pl\/wp-content\/uploads\/2020\/09\/gabinet-stomatologiczny-2.pdf\" target=\"_blank\" rel=\"noreferrer noopener\"> procedurami przyjmowania uczni\u00f3w<\/a> w gabinecie stomatologicznym w czasie epidemii Covid &#8211; 19.<\/p>\n","protected":false},"excerpt":{"rendered":"<p>Szanowni Pa\u0144stwo, Zapraszamy do zapoznania si\u0119 z procedurami przyjmowania uczni\u00f3w w gabinecie stomatologicznym w czasie epidemii Covid &#8211; 19.<\/p>\n","protected":false},"author":23,"featured_media":15467,"comment_status":"open","ping_status":"open","sticky":false,"template":"","format":"standard","meta":{"footnotes":""},"categories":[345,1,343],"tags":[],"_links":{"self":[{"href":"https:\/\/5lo.lublin.pl\/index.php?rest_route=\/wp\/v2\/posts\/15552"}],"collection":[{"href":"https:\/\/5lo.lublin.pl\/index.php?rest_route=\/wp\/v2\/posts"}],"about":[{"href":"https:\/\/5lo.lublin.pl\/index.php?rest_route=\/wp\/v2\/types\/post"}],"author":[{"embeddable":true,"href":"https:\/\/5lo.lublin.pl\/index.php?rest_route=\/wp\/v2\/users\/23"}],"replies":[{"embeddable":true,"href":"https:\/\/5lo.lublin.pl\/index.php?rest_route=%2Fwp%2Fv2%2Fcomments&post=15552"}],"version-history":[{"count":1,"href":"https:\/\/5lo.lublin.pl\/index.php?rest_route=\/wp\/v2\/posts\/15552\/revisions"}],"predecessor-version":[{"id":15579,"href":"https:\/\/5lo.lublin.pl\/index.php?rest_route=\/wp\/v2\/posts\/15552\/revisions\/15579"}],"wp:featuredmedia":[{"embeddable":true,"href":"https:\/\/5lo.lublin.pl\/index.php?rest_route=\/wp\/v2\/media\/15467"}],"wp:attachment":[{"href":"https:\/\/5lo.lublin.pl\/index.php?rest_route=%2Fwp%2Fv2%2Fmedia&parent=15552"}],"wp:term":[{"taxonomy":"category","embeddable":true,"href":"https:\/\/5lo.lublin.pl\/index.php?rest_route=%2Fwp%2Fv2%2Fcategories&post=15552"},{"taxonomy":"post_tag","embeddable":true,"href":"https:\/\/5lo.lublin.pl\/index.php?rest_route=%2Fwp%2Fv2%2Ftags&post=15552"}],"curies":[{"name":"wp","href":"https:\/\/api.w.org\/{rel}","templated":true}]}}