{"id":15000,"date":"2020-03-02T19:16:00","date_gmt":"2020-03-02T19:16:00","guid":{"rendered":"http:\/\/5lo.lublin.pl\/?p=15000"},"modified":"2020-10-01T19:42:21","modified_gmt":"2020-10-01T19:42:21","slug":"sukcesy-naszych-uczniow-w-ogolnopolskim-konkursie-matematycznym-mat-3","status":"publish","type":"post","link":"https:\/\/5lo.lublin.pl\/?p=15000","title":{"rendered":"Sukcesy naszych uczni\u00f3w w og\u00f3lnopolskim konkursie matematycznym MAT"},"content":{"rendered":"\n<h6 class=\"wp-block-heading\" style=\"line-height: 1cm\">W dniu 9 stycznia 2020 r. w naszej szkole odby\u0142a si\u0119 XXI edycja og\u00f3lnopolskiego konkursu z matematyki &#8222;MAT&#8221;, kt\u00f3ry jest organizowany przez firm\u0119 edukacyjn\u0105 \u0141owcy Talent\u00f3w JERSZ. W konkursie wzi\u0119\u0142o udzia\u0142 15 uczni\u00f3w z klas 1B, 2B, 2E, 3A oraz 3F. <\/h6>\n\n\n\n<h6 class=\"has-text-align-center wp-block-heading\" style=\"line-height: 1cm\">Z przyjemno\u015bci\u0105 informujemy, i\u017c siedmioro naszych uczni\u00f3w zdoby\u0142o wyr\u00f3\u017cnienia. <\/h6>\n\n\n\n<h6 class=\"has-text-align-center wp-block-heading\" style=\"line-height: 1cm\"><strong>Dyplomy za uzyskanie bardzo dobrego wyniku otrzymali:<\/strong><br><center><p>\n<strong>Klaudia Pawlik<\/strong> uczennica klasy 3F &#8211; 1 miejsce w wojew\u00f3dztwie (23 miejsce w kraju).<br> <strong> Mateusz Figiel <\/strong> ucze\u0144 klasy 3F &#8211; 2 miejsce w wojew\u00f3dztwie (27 miejsce w kraju).<br> <strong>Micha\u0142 Wo\u017aniak<\/strong> ucze\u0144 klasy 3F &#8211; 3 miejsce w wojew\u00f3dztwie (28 miejsce w kraju).<br><\/p> <strong>Dyplomy za uzyskanie dobrego wyniku otrzymali:<\/strong> <\/center><\/h6>\n\n\n\n<h6 class=\"has-text-align-center wp-block-heading\" style=\"line-height: 1cm\"><center><strong>Adrianna K\u0142odzi\u0144ska<\/strong> uczennica klasy 2E &#8211; 2 miejsce w wojew\u00f3dztwie.<br> <strong>Natalia Zych <\/strong>uczennica klasy 3A &#8211; 4 miejsce w wojew\u00f3dztwie.  <br><strong>Krzysztof Jurkiewicz<\/strong> ucze\u0144 klasy 1B &#8211; 10 miejsce w wojew\u00f3dztwie. <br><strong>Wiktoria Madura<\/strong> uczennica klasy 1B &#8211; 12 miejsce w wojew\u00f3dztwie.<\/center> \n\n<br><center> Gratulujemy wysokich wynik\u00f3w i \u017cyczymy dalszych sukces\u00f3w!<br><p> Opiekunami wyr\u00f3\u017cnionych uczni\u00f3w s\u0105 p. Agata K\u0119pka, p. Jadwiga Lasocka oraz p. Edyta Sadowska.<\/p><\/center> <\/h6>\n\n\n\n<p><\/p>\n","protected":false},"excerpt":{"rendered":"<p>W dniu 9 stycznia 2020 r. w naszej szkole odby\u0142a si\u0119 XXI edycja og\u00f3lnopolskiego konkursu z matematyki &#8222;MAT&#8221;, kt\u00f3ry jest organizowany przez firm\u0119 edukacyjn\u0105 \u0141owcy Talent\u00f3w JERSZ. W konkursie wzi\u0119\u0142o udzia\u0142 15 uczni\u00f3w z klas 1B, 2B, 2E, 3A oraz 3F. Z przyjemno\u015bci\u0105 informujemy, i\u017c siedmioro naszych uczni\u00f3w zdoby\u0142o wyr\u00f3\u017cnienia. Dyplomy za uzyskanie bardzo dobrego [&hellip;]<\/p>\n","protected":false},"author":23,"featured_media":4508,"comment_status":"open","ping_status":"open","sticky":false,"template":"","format":"standard","meta":{"footnotes":""},"categories":[134],"tags":[],"_links":{"self":[{"href":"https:\/\/5lo.lublin.pl\/index.php?rest_route=\/wp\/v2\/posts\/15000"}],"collection":[{"href":"https:\/\/5lo.lublin.pl\/index.php?rest_route=\/wp\/v2\/posts"}],"about":[{"href":"https:\/\/5lo.lublin.pl\/index.php?rest_route=\/wp\/v2\/types\/post"}],"author":[{"embeddable":true,"href":"https:\/\/5lo.lublin.pl\/index.php?rest_route=\/wp\/v2\/users\/23"}],"replies":[{"embeddable":true,"href":"https:\/\/5lo.lublin.pl\/index.php?rest_route=%2Fwp%2Fv2%2Fcomments&post=15000"}],"version-history":[{"count":2,"href":"https:\/\/5lo.lublin.pl\/index.php?rest_route=\/wp\/v2\/posts\/15000\/revisions"}],"predecessor-version":[{"id":15195,"href":"https:\/\/5lo.lublin.pl\/index.php?rest_route=\/wp\/v2\/posts\/15000\/revisions\/15195"}],"wp:featuredmedia":[{"embeddable":true,"href":"https:\/\/5lo.lublin.pl\/index.php?rest_route=\/wp\/v2\/media\/4508"}],"wp:attachment":[{"href":"https:\/\/5lo.lublin.pl\/index.php?rest_route=%2Fwp%2Fv2%2Fmedia&parent=15000"}],"wp:term":[{"taxonomy":"category","embeddable":true,"href":"https:\/\/5lo.lublin.pl\/index.php?rest_route=%2Fwp%2Fv2%2Fcategories&post=15000"},{"taxonomy":"post_tag","embeddable":true,"href":"https:\/\/5lo.lublin.pl\/index.php?rest_route=%2Fwp%2Fv2%2Ftags&post=15000"}],"curies":[{"name":"wp","href":"https:\/\/api.w.org\/{rel}","templated":true}]}}