{"id":14823,"date":"2020-03-10T11:02:50","date_gmt":"2020-03-10T11:02:50","guid":{"rendered":"http:\/\/5lo.lublin.pl\/?p=14823"},"modified":"2020-03-10T14:53:05","modified_gmt":"2020-03-10T14:53:05","slug":"siatkarki-v-lo-z-brazowymi-medalami","status":"publish","type":"post","link":"https:\/\/5lo.lublin.pl\/?p=14823","title":{"rendered":"SIATKARKI V LO                       Z BR\u0104ZOWYMI MEDALAMI"},"content":{"rendered":"\n<p>Dnia 02.03.2020 na Hali Sportowej MOSiR w ramach Licealiady Miasta Lublin odby\u0142y si\u0119 zawody w pi\u0142ce siatkowej dziewcz\u0105t. <\/p>\n\n\n\n<p>Nasze siatkarki zmierzy\u0142y si\u0119 z dru\u017cyn\u0105 Zespo\u0142u Szk\u00f3\u0142 nr 1. Mecz by\u0142 jednostronnym widowiskiem i zako\u0144czy\u0142 si\u0119 zwyci\u0119stwem naszej reprezentacji 2:0 (25:9, 25:11).<\/p>\n\n\n\n<p>Dziewczyny zagra\u0142y w sk\u0142adzie: <\/p>\n\n\n\n<ul><li>Skrzypczak Natalia 3D &#8211; kapitan dru\u017cyny <\/li><li>Boczkowska Wiktoria 3B<\/li><li>Trus Julia 3E<\/li><li>Pawlik Klaudia 3F<\/li><li>Cho\u0142ody Magdalena 3G<\/li><li>Derczyk Weronika 3H<\/li><li>Dra\u0144ska Alicja 2B<\/li><li>\u015aliwa Wiktoria 2D<\/li><li>Osek Zuzanna 1E<\/li><li>Radzik Patrycja 1F<\/li><li>Ko\u0142odziejczyk Marcelina 1G<\/li><li>Skrobas Nikola 1G<\/li><li>J\u0119drzejewska Kinga 1J<\/li><\/ul>\n\n\n\n<p>Opiekunem dru\u017cyny jest Profesor Dariusz Augustyniak <\/p>\n","protected":false},"excerpt":{"rendered":"<p>Dnia 02.03.2020 na Hali Sportowej MOSiR w ramach Licealiady Miasta Lublin odby\u0142y si\u0119 zawody w pi\u0142ce siatkowej dziewcz\u0105t. Nasze siatkarki zmierzy\u0142y si\u0119 z dru\u017cyn\u0105 Zespo\u0142u Szk\u00f3\u0142 nr 1. Mecz by\u0142 jednostronnym widowiskiem i zako\u0144czy\u0142 si\u0119 zwyci\u0119stwem naszej reprezentacji 2:0 (25:9, 25:11). Dziewczyny zagra\u0142y w sk\u0142adzie: Skrzypczak Natalia 3D &#8211; kapitan dru\u017cyny Boczkowska Wiktoria 3B Trus [&hellip;]<\/p>\n","protected":false},"author":12,"featured_media":14827,"comment_status":"open","ping_status":"open","sticky":false,"template":"","format":"standard","meta":{"footnotes":""},"categories":[138,133],"tags":[],"_links":{"self":[{"href":"https:\/\/5lo.lublin.pl\/index.php?rest_route=\/wp\/v2\/posts\/14823"}],"collection":[{"href":"https:\/\/5lo.lublin.pl\/index.php?rest_route=\/wp\/v2\/posts"}],"about":[{"href":"https:\/\/5lo.lublin.pl\/index.php?rest_route=\/wp\/v2\/types\/post"}],"author":[{"embeddable":true,"href":"https:\/\/5lo.lublin.pl\/index.php?rest_route=\/wp\/v2\/users\/12"}],"replies":[{"embeddable":true,"href":"https:\/\/5lo.lublin.pl\/index.php?rest_route=%2Fwp%2Fv2%2Fcomments&post=14823"}],"version-history":[{"count":1,"href":"https:\/\/5lo.lublin.pl\/index.php?rest_route=\/wp\/v2\/posts\/14823\/revisions"}],"predecessor-version":[{"id":14829,"href":"https:\/\/5lo.lublin.pl\/index.php?rest_route=\/wp\/v2\/posts\/14823\/revisions\/14829"}],"wp:featuredmedia":[{"embeddable":true,"href":"https:\/\/5lo.lublin.pl\/index.php?rest_route=\/wp\/v2\/media\/14827"}],"wp:attachment":[{"href":"https:\/\/5lo.lublin.pl\/index.php?rest_route=%2Fwp%2Fv2%2Fmedia&parent=14823"}],"wp:term":[{"taxonomy":"category","embeddable":true,"href":"https:\/\/5lo.lublin.pl\/index.php?rest_route=%2Fwp%2Fv2%2Fcategories&post=14823"},{"taxonomy":"post_tag","embeddable":true,"href":"https:\/\/5lo.lublin.pl\/index.php?rest_route=%2Fwp%2Fv2%2Ftags&post=14823"}],"curies":[{"name":"wp","href":"https:\/\/api.w.org\/{rel}","templated":true}]}}