{"id":14786,"date":"2020-03-06T16:43:45","date_gmt":"2020-03-06T16:43:45","guid":{"rendered":"http:\/\/5lo.lublin.pl\/?p=14786"},"modified":"2020-03-06T16:57:10","modified_gmt":"2020-03-06T16:57:10","slug":"rekolekcje-wielkopostne-2","status":"publish","type":"post","link":"https:\/\/5lo.lublin.pl\/?p=14786","title":{"rendered":"Rekolekcje Wielkopostne"},"content":{"rendered":"<h4 style=\"text-align: center; line-height: 1.5;\"><span style=\"font-family: Verdana;\"><strong>Serdecznie zapraszamy <br \/>spo\u0142eczno\u015b\u0107 V Liceum Og\u00f3lnokszta\u0142c\u0105cego w Lublinie <br \/>do udzia\u0142u <br \/>w Rekolekcjach wielkopostnych <br \/>w dniach 10-12 marca 2020r. <br \/>pod has\u0142em: <br \/>\u201eZmarTwychWsta\u0144 i \u017cyj!\u201d<\/strong><\/span><\/h4>\n<p>\u00a0<\/p>\n\n\n<p style=\"font-size:17px\" class=\"has-text-align-center\"><span style=\"font-family: Verdana\"><strong>Rekolekcje poprowadz\u0105 Ojcowie Biali Misjonarze Afryki oraz<\/strong> <strong>\u015bwieccy wolontariusze misyjni (studenci medycyny) z Fundacji AfricaMed.<\/strong><\/span><\/p>\n\n\n\n<p style=\"font-size:17px\" class=\"has-text-align-center\"><strong>Harmonogram<\/strong><\/p>\n\n\n\n<p style=\"font-size:17px\"><strong>10, 11 (wtorek, \u015broda)<\/strong> <strong>marca 2020 <\/strong>\u2013 <strong>zaj\u0119cia rekolekcyjne odbywaj\u0105 si\u0119 na dolnej sali gimnastycznej.<\/strong><\/p>\n\n\n\n<div class=\"wp-block-image\"><figure class=\"aligncenter size-large\"><img loading=\"lazy\" decoding=\"async\" width=\"686\" height=\"257\" src=\"https:\/\/5lo.lublin.pl\/wp-content\/uploads\/2020\/03\/rek1.png\" alt=\"\" class=\"wp-image-14788\" srcset=\"https:\/\/5lo.lublin.pl\/wp-content\/uploads\/2020\/03\/rek1.png 686w, https:\/\/5lo.lublin.pl\/wp-content\/uploads\/2020\/03\/rek1-300x112.png 300w\" sizes=\"(max-width: 686px) 100vw, 686px\" \/><\/figure><\/div>\n\n\n\n<p style=\"font-size:17px\"><strong>12 marca (czwartek) 2020<\/strong> \u2013 <strong>Sakrament Pokuty i Pojednania, Eucharystia \u2013 Ko\u015bci\u00f3\u0142 Akademicki KUL, <br>ul. Idziego Radziszewskiego 7<\/strong><\/p>\n\n\n\n<div class=\"wp-block-image\"><figure class=\"aligncenter size-large\"><img loading=\"lazy\" decoding=\"async\" width=\"692\" height=\"164\" src=\"https:\/\/5lo.lublin.pl\/wp-content\/uploads\/2020\/03\/rek2.png\" alt=\"\" class=\"wp-image-14789\" srcset=\"https:\/\/5lo.lublin.pl\/wp-content\/uploads\/2020\/03\/rek2.png 692w, https:\/\/5lo.lublin.pl\/wp-content\/uploads\/2020\/03\/rek2-300x71.png 300w\" sizes=\"(max-width: 692px) 100vw, 692px\" \/><\/figure><\/div>\n","protected":false},"excerpt":{"rendered":"<p>Serdecznie zapraszamy spo\u0142eczno\u015b\u0107 V Liceum Og\u00f3lnokszta\u0142c\u0105cego w Lublinie do udzia\u0142u w Rekolekcjach wielkopostnych w dniach 10-12 marca 2020r. pod has\u0142em: \u201eZmarTwychWsta\u0144 i \u017cyj!\u201d \u00a0 Rekolekcje poprowadz\u0105 Ojcowie Biali Misjonarze Afryki oraz \u015bwieccy wolontariusze misyjni (studenci medycyny) z Fundacji AfricaMed. Harmonogram 10, 11 (wtorek, \u015broda) marca 2020 \u2013 zaj\u0119cia rekolekcyjne odbywaj\u0105 si\u0119 na dolnej sali gimnastycznej. [&hellip;]<\/p>\n","protected":false},"author":23,"featured_media":14805,"comment_status":"open","ping_status":"open","sticky":false,"template":"","format":"standard","meta":{"footnotes":""},"categories":[1,133],"tags":[],"_links":{"self":[{"href":"https:\/\/5lo.lublin.pl\/index.php?rest_route=\/wp\/v2\/posts\/14786"}],"collection":[{"href":"https:\/\/5lo.lublin.pl\/index.php?rest_route=\/wp\/v2\/posts"}],"about":[{"href":"https:\/\/5lo.lublin.pl\/index.php?rest_route=\/wp\/v2\/types\/post"}],"author":[{"embeddable":true,"href":"https:\/\/5lo.lublin.pl\/index.php?rest_route=\/wp\/v2\/users\/23"}],"replies":[{"embeddable":true,"href":"https:\/\/5lo.lublin.pl\/index.php?rest_route=%2Fwp%2Fv2%2Fcomments&post=14786"}],"version-history":[{"count":1,"href":"https:\/\/5lo.lublin.pl\/index.php?rest_route=\/wp\/v2\/posts\/14786\/revisions"}],"predecessor-version":[{"id":14809,"href":"https:\/\/5lo.lublin.pl\/index.php?rest_route=\/wp\/v2\/posts\/14786\/revisions\/14809"}],"wp:featuredmedia":[{"embeddable":true,"href":"https:\/\/5lo.lublin.pl\/index.php?rest_route=\/wp\/v2\/media\/14805"}],"wp:attachment":[{"href":"https:\/\/5lo.lublin.pl\/index.php?rest_route=%2Fwp%2Fv2%2Fmedia&parent=14786"}],"wp:term":[{"taxonomy":"category","embeddable":true,"href":"https:\/\/5lo.lublin.pl\/index.php?rest_route=%2Fwp%2Fv2%2Fcategories&post=14786"},{"taxonomy":"post_tag","embeddable":true,"href":"https:\/\/5lo.lublin.pl\/index.php?rest_route=%2Fwp%2Fv2%2Ftags&post=14786"}],"curies":[{"name":"wp","href":"https:\/\/api.w.org\/{rel}","templated":true}]}}