{"id":14745,"date":"2020-02-26T10:09:20","date_gmt":"2020-02-26T10:09:20","guid":{"rendered":"http:\/\/5lo.lublin.pl\/?p=14745"},"modified":"2020-03-02T09:21:17","modified_gmt":"2020-03-02T09:21:17","slug":"iv-czytelniczych-walentynek-podsumowanie","status":"publish","type":"post","link":"https:\/\/5lo.lublin.pl\/?p=14745","title":{"rendered":"IV Czytelniczych Walentynek &#8211; podsumowanie"},"content":{"rendered":"\n<p> 26 lutego br. nast\u0105pi\u0142o rozstrzygni\u0119cie konkursu <strong>IV Czytelniczych Walentynek \u201eDlaczego kocham czytanie?\u201d<\/strong>. W konkursie wzi\u0119\u0142o udzia\u0142 88 uczni\u00f3w. Zosta\u0142y przyznane nagrody<strong> 4 uczniom i 7 uczni\u00f3w otrzyma\u0142o wyr\u00f3\u017cnienia.<\/strong> Opr\u00f3cz nagr\u00f3d rzeczowych uczniowie otrzymali z j\u0119zyka polskiego 6 a pozostali uczestnicy 5.<\/p>\n\n\n\n<p>Dzi\u0119kujemy wszystkim uczniom za udzia\u0142 w konkursie oraz\nciekawe uj\u0119cie tematu.<\/p>\n\n\n\n<p>Zach\u0119camy do udzia\u0142u w kolejnych konkursach organizowanych\nprzez bibliotek\u0119 szkoln\u0105.<\/p>\n\n\n\n<p><strong>Oto lista nagrodzonych:<\/strong><\/p>\n\n\n\n<p>I miejsce <strong>&nbsp;Natalia Kostecka&nbsp; 1d<\/strong><\/p>\n\n\n\n<p><strong>II miejsce<\/strong><strong>&nbsp; Martyna Krzowska&nbsp; 2h<\/strong><\/p>\n\n\n\n<p><strong>III miejsce<\/strong><strong>&nbsp; Aleksandra Janik&nbsp; 1k<\/strong><\/p>\n\n\n\n<p><strong>IV miejsce<\/strong><strong>&nbsp; Karolina Madej&nbsp; 1d&nbsp;<\/strong><\/p>\n\n\n\n<p>Rafa\u0142 Bandzarewicz&nbsp;\n1g&nbsp;&nbsp;&nbsp;&nbsp;&nbsp;&nbsp; Wyr\u00f3\u017cnienie<\/p>\n\n\n\n<p>Wiktoria Elert &nbsp;3a&nbsp;&nbsp;&nbsp;&nbsp;&nbsp;&nbsp;\nWyr\u00f3\u017cnienie<\/p>\n\n\n\n<p>Aleksandra Kosowska&nbsp;\n1k&nbsp;&nbsp;&nbsp;&nbsp;&nbsp;&nbsp; Wyr\u00f3\u017cnienie<\/p>\n\n\n\n<p>Alicja Lipska\u00a0 2d\u00a0\u00a0\u00a0\u00a0\u00a0\u00a0 Wyr\u00f3\u017cnienie<\/p>\n\n\n\n<p>Maciej Mazur&nbsp;\n3e&nbsp;&nbsp;&nbsp;&nbsp;&nbsp;&nbsp; Wyr\u00f3\u017cnienie<\/p>\n\n\n\n<p>Alicja Pacek&nbsp;\n1e&nbsp;&nbsp;&nbsp;&nbsp;&nbsp;&nbsp; Wyr\u00f3\u017cnienie<\/p>\n\n\n\n<p>Iga P\u0119czkowska&nbsp; 1j&nbsp;&nbsp;&nbsp;&nbsp;&nbsp;&nbsp; Wyr\u00f3\u017cnienie<\/p>\n\n\n\n<div class=\"alignnormal\"><div id=\"metaslider-id-14749\" style=\"max-width: 800px; margin: 0 auto;\" class=\"ml-slider-3-62-0 metaslider metaslider-flex metaslider-14749 ml-slider ms-theme-disjoint nav-hidden\" role=\"region\" aria-roledescription=\"Slideshow\" aria-label=\"walentynki\">\n    <div id=\"metaslider_container_14749\">\n        <div id=\"metaslider_14749\" class=\"flexslider\">\n            <ul aria-live=\"polite\" class=\"slides\">\n                <li style=\"display: block; width: 100%;\" class=\"slide-14750 ms-image \" aria-roledescription=\"slide\" aria-label=\"slide-14750\"><img loading=\"lazy\" decoding=\"async\" src=\"https:\/\/5lo.lublin.pl\/wp-content\/uploads\/2020\/02\/P1160746-800x500.jpg\" height=\"500\" width=\"800\" alt=\"\" class=\"slider-14749 slide-14750\" title=\"P1160746\" \/><\/li>\n                <li style=\"display: none; width: 100%;\" class=\"slide-14751 ms-image \" aria-roledescription=\"slide\" aria-label=\"slide-14751\"><img loading=\"lazy\" decoding=\"async\" src=\"https:\/\/5lo.lublin.pl\/wp-content\/uploads\/2020\/02\/P1160738-800x500.jpg\" height=\"500\" width=\"800\" alt=\"\" class=\"slider-14749 slide-14751\" title=\"P1160738\" \/><\/li>\n            <\/ul>\n        <\/div>\n        \n    <\/div>\n<\/div><\/div>\n","protected":false},"excerpt":{"rendered":"<p>26 lutego br. nast\u0105pi\u0142o rozstrzygni\u0119cie konkursu IV Czytelniczych Walentynek \u201eDlaczego kocham czytanie?\u201d. W konkursie wzi\u0119\u0142o udzia\u0142 88 uczni\u00f3w. Zosta\u0142y przyznane nagrody 4 uczniom i 7 uczni\u00f3w otrzyma\u0142o wyr\u00f3\u017cnienia. Opr\u00f3cz nagr\u00f3d rzeczowych uczniowie otrzymali z j\u0119zyka polskiego 6 a pozostali uczestnicy 5. Dzi\u0119kujemy wszystkim uczniom za udzia\u0142 w konkursie oraz ciekawe uj\u0119cie tematu. Zach\u0119camy do udzia\u0142u [&hellip;]<\/p>\n","protected":false},"author":145,"featured_media":14748,"comment_status":"open","ping_status":"open","sticky":false,"template":"","format":"standard","meta":{"footnotes":""},"categories":[222,1,133],"tags":[],"_links":{"self":[{"href":"https:\/\/5lo.lublin.pl\/index.php?rest_route=\/wp\/v2\/posts\/14745"}],"collection":[{"href":"https:\/\/5lo.lublin.pl\/index.php?rest_route=\/wp\/v2\/posts"}],"about":[{"href":"https:\/\/5lo.lublin.pl\/index.php?rest_route=\/wp\/v2\/types\/post"}],"author":[{"embeddable":true,"href":"https:\/\/5lo.lublin.pl\/index.php?rest_route=\/wp\/v2\/users\/145"}],"replies":[{"embeddable":true,"href":"https:\/\/5lo.lublin.pl\/index.php?rest_route=%2Fwp%2Fv2%2Fcomments&post=14745"}],"version-history":[{"count":1,"href":"https:\/\/5lo.lublin.pl\/index.php?rest_route=\/wp\/v2\/posts\/14745\/revisions"}],"predecessor-version":[{"id":14785,"href":"https:\/\/5lo.lublin.pl\/index.php?rest_route=\/wp\/v2\/posts\/14745\/revisions\/14785"}],"wp:featuredmedia":[{"embeddable":true,"href":"https:\/\/5lo.lublin.pl\/index.php?rest_route=\/wp\/v2\/media\/14748"}],"wp:attachment":[{"href":"https:\/\/5lo.lublin.pl\/index.php?rest_route=%2Fwp%2Fv2%2Fmedia&parent=14745"}],"wp:term":[{"taxonomy":"category","embeddable":true,"href":"https:\/\/5lo.lublin.pl\/index.php?rest_route=%2Fwp%2Fv2%2Fcategories&post=14745"},{"taxonomy":"post_tag","embeddable":true,"href":"https:\/\/5lo.lublin.pl\/index.php?rest_route=%2Fwp%2Fv2%2Ftags&post=14745"}],"curies":[{"name":"wp","href":"https:\/\/api.w.org\/{rel}","templated":true}]}}