{"id":14720,"date":"2020-02-10T08:08:28","date_gmt":"2020-02-10T08:08:28","guid":{"rendered":"http:\/\/5lo.lublin.pl\/?p=14720"},"modified":"2020-02-10T08:13:28","modified_gmt":"2020-02-10T08:13:28","slug":"sukcesy-naszych-uczniow-w-ogolnopolskim-konkursie-matematycznym-alfik-4","status":"publish","type":"post","link":"https:\/\/5lo.lublin.pl\/?p=14720","title":{"rendered":"Sukcesy naszych uczni\u00f3w w og\u00f3lnopolskim konkursie matematycznym Alfik"},"content":{"rendered":"\n<h6 style=\"line-height: 1cm;\">W dniu 27 listopada 2019 r. w naszej szkole odby\u0142a si\u0119 XXV edycja og\u00f3lnopolskiego konkursu z matematyki &#8222;Alfik matematyczny&#8221;, kt\u00f3ry jest organizowany przez firm\u0119 edukacyjn\u0105 \u0141owcy Talent\u00f3w JERSZ. W konkursie wzi\u0119\u0142o udzia\u0142 16 uczni\u00f3w z klas 2A, 2B, 3A oraz 3F.<br>\n<br><center>Z przyjemno\u015bci\u0105 informujemy, i\u017c sze\u015bcioro naszych uczni\u00f3w zdoby\u0142o wyr\u00f3\u017cnienia.<\/center>\n\n<center><p><strong>Dyplomy za uzyskanie bardzo dobrego wyniku otrzymali:<br>  Mateusz Figiel <\/strong> ucze\u0144 klasy 3F &#8211; 16 miejsce w wojew\u00f3dztwie.<br>\n<strong>Natalia Zych <\/strong>uczennica klasy 3A &#8211; 22 miejsce w wojew\u00f3dztwie.<br>\n<strong>Micha\u0142 Wo\u017aniak<\/strong> ucze\u0144 klasy 3F &#8211; 22 miejsce w wojew\u00f3dztwie.<br><\/p>\n\n<p><strong>Dyplomy za uzyskanie dobrego wyniku otrzymali:<\/strong> <br><strong>Klaudia Pawlik<\/strong> uczennica klasy 3F &#8211; 40 miejsce w wojew\u00f3dztwie.<br>\n<strong>Weronika Szczepanik<\/strong> uczennica klasy 3A &#8211; 40 miejsce w wojew\u00f3dztwie.<br>\n<strong>Szymon \u015awietlicki<\/strong> ucze\u0144 klasy 3A &#8211; 49 miejsce w wojew\u00f3dztwie.<br><\/p>\n<p>Gratulujemy wysokich wynik\u00f3w i \u017cyczymy dalszych sukces\u00f3w!<br> Opiekunami wyr\u00f3\u017cnionych uczni\u00f3w s\u0105 p. Agata K\u0119pka oraz p. Edyta Sadowska.<\/p><\/center>\n<p>\n\n\n\n<figure class=\"wp-block-image size-large is-resized\"><img loading=\"lazy\" decoding=\"async\" src=\"https:\/\/5lo.lublin.pl\/wp-content\/uploads\/2020\/02\/skanowanie0004-1-700x1024.jpg\" alt=\"\" class=\"wp-image-14729\" width=\"350\" height=\"512\" srcset=\"https:\/\/5lo.lublin.pl\/wp-content\/uploads\/2020\/02\/skanowanie0004-1-700x1024.jpg 700w, https:\/\/5lo.lublin.pl\/wp-content\/uploads\/2020\/02\/skanowanie0004-1-205x300.jpg 205w, https:\/\/5lo.lublin.pl\/wp-content\/uploads\/2020\/02\/skanowanie0004-1-768x1123.jpg 768w, https:\/\/5lo.lublin.pl\/wp-content\/uploads\/2020\/02\/skanowanie0004-1-1050x1536.jpg 1050w, https:\/\/5lo.lublin.pl\/wp-content\/uploads\/2020\/02\/skanowanie0004-1.jpg 1061w\" sizes=\"(max-width: 350px) 100vw, 350px\" \/>&nbsp;<img loading=\"lazy\" decoding=\"async\" src=\"https:\/\/5lo.lublin.pl\/wp-content\/uploads\/2020\/02\/skanowanie0002-1-697x1024.jpg\" alt=\"\" class=\"wp-image-14727\" width=\"349\" height=\"512\" srcset=\"https:\/\/5lo.lublin.pl\/wp-content\/uploads\/2020\/02\/skanowanie0002-1-697x1024.jpg 697w, https:\/\/5lo.lublin.pl\/wp-content\/uploads\/2020\/02\/skanowanie0002-1-204x300.jpg 204w, https:\/\/5lo.lublin.pl\/wp-content\/uploads\/2020\/02\/skanowanie0002-1-768x1129.jpg 768w, https:\/\/5lo.lublin.pl\/wp-content\/uploads\/2020\/02\/skanowanie0002-1-1045x1536.jpg 1045w, https:\/\/5lo.lublin.pl\/wp-content\/uploads\/2020\/02\/skanowanie0002-1.jpg 1088w\" sizes=\"(max-width: 349px) 100vw, 349px\" \/><\/figure>\n\n\n\n<figure class=\"wp-block-image size-large is-resized\"><img loading=\"lazy\" decoding=\"async\" src=\"https:\/\/5lo.lublin.pl\/wp-content\/uploads\/2020\/02\/skanowanie0003-1-673x1024.jpg\" alt=\"\" class=\"wp-image-14728\" width=\"337\" height=\"512\" srcset=\"https:\/\/5lo.lublin.pl\/wp-content\/uploads\/2020\/02\/skanowanie0003-1-673x1024.jpg 673w, https:\/\/5lo.lublin.pl\/wp-content\/uploads\/2020\/02\/skanowanie0003-1-197x300.jpg 197w, https:\/\/5lo.lublin.pl\/wp-content\/uploads\/2020\/02\/skanowanie0003-1-768x1169.jpg 768w, https:\/\/5lo.lublin.pl\/wp-content\/uploads\/2020\/02\/skanowanie0003-1-1009x1536.jpg 1009w, https:\/\/5lo.lublin.pl\/wp-content\/uploads\/2020\/02\/skanowanie0003-1.jpg 1040w\" sizes=\"(max-width: 337px) 100vw, 337px\" \/>&nbsp;<img loading=\"lazy\" decoding=\"async\" src=\"https:\/\/5lo.lublin.pl\/wp-content\/uploads\/2020\/02\/skanowanie0001-1-734x1024.jpg\" alt=\"\" class=\"wp-image-14726\" width=\"367\" height=\"512\" srcset=\"https:\/\/5lo.lublin.pl\/wp-content\/uploads\/2020\/02\/skanowanie0001-1-734x1024.jpg 734w, https:\/\/5lo.lublin.pl\/wp-content\/uploads\/2020\/02\/skanowanie0001-1-215x300.jpg 215w, https:\/\/5lo.lublin.pl\/wp-content\/uploads\/2020\/02\/skanowanie0001-1-768x1071.jpg 768w, https:\/\/5lo.lublin.pl\/wp-content\/uploads\/2020\/02\/skanowanie0001-1-1101x1536.jpg 1101w, https:\/\/5lo.lublin.pl\/wp-content\/uploads\/2020\/02\/skanowanie0001-1.jpg 1147w\" sizes=\"(max-width: 367px) 100vw, 367px\" \/><\/figure>\n\n\n\n<figure class=\"wp-block-image size-large is-resized\"><img loading=\"lazy\" decoding=\"async\" src=\"https:\/\/5lo.lublin.pl\/wp-content\/uploads\/2020\/02\/skanowanie0005-1-705x1024.jpg\" alt=\"\" class=\"wp-image-14730\" width=\"353\" height=\"512\" srcset=\"https:\/\/5lo.lublin.pl\/wp-content\/uploads\/2020\/02\/skanowanie0005-1-705x1024.jpg 705w, https:\/\/5lo.lublin.pl\/wp-content\/uploads\/2020\/02\/skanowanie0005-1-207x300.jpg 207w, https:\/\/5lo.lublin.pl\/wp-content\/uploads\/2020\/02\/skanowanie0005-1-768x1116.jpg 768w, https:\/\/5lo.lublin.pl\/wp-content\/uploads\/2020\/02\/skanowanie0005-1-1057x1536.jpg 1057w, https:\/\/5lo.lublin.pl\/wp-content\/uploads\/2020\/02\/skanowanie0005-1.jpg 1101w\" sizes=\"(max-width: 353px) 100vw, 353px\" \/>&nbsp;<img loading=\"lazy\" decoding=\"async\" src=\"https:\/\/5lo.lublin.pl\/wp-content\/uploads\/2020\/02\/skanowanie0006-1-732x1024.jpg\" alt=\"\" class=\"wp-image-14731\" width=\"366\" height=\"512\" srcset=\"https:\/\/5lo.lublin.pl\/wp-content\/uploads\/2020\/02\/skanowanie0006-1-732x1024.jpg 732w, https:\/\/5lo.lublin.pl\/wp-content\/uploads\/2020\/02\/skanowanie0006-1-215x300.jpg 215w, https:\/\/5lo.lublin.pl\/wp-content\/uploads\/2020\/02\/skanowanie0006-1-768x1074.jpg 768w, https:\/\/5lo.lublin.pl\/wp-content\/uploads\/2020\/02\/skanowanie0006-1-1099x1536.jpg 1099w, https:\/\/5lo.lublin.pl\/wp-content\/uploads\/2020\/02\/skanowanie0006-1.jpg 1144w\" sizes=\"(max-width: 366px) 100vw, 366px\" \/><\/figure>\n","protected":false},"excerpt":{"rendered":"<p>W dniu 27 listopada 2019 r. w naszej szkole odby\u0142a si\u0119 XXV edycja og\u00f3lnopolskiego konkursu z matematyki &#8222;Alfik matematyczny&#8221;, kt\u00f3ry jest organizowany przez firm\u0119 edukacyjn\u0105 \u0141owcy Talent\u00f3w JERSZ. W konkursie wzi\u0119\u0142o udzia\u0142 16 uczni\u00f3w z klas 2A, 2B, 3A oraz 3F. Z przyjemno\u015bci\u0105 informujemy, i\u017c sze\u015bcioro naszych uczni\u00f3w zdoby\u0142o wyr\u00f3\u017cnienia. Dyplomy za uzyskanie bardzo dobrego [&hellip;]<\/p>\n","protected":false},"author":23,"featured_media":14738,"comment_status":"open","ping_status":"open","sticky":false,"template":"","format":"standard","meta":{"footnotes":""},"categories":[1,134],"tags":[],"_links":{"self":[{"href":"https:\/\/5lo.lublin.pl\/index.php?rest_route=\/wp\/v2\/posts\/14720"}],"collection":[{"href":"https:\/\/5lo.lublin.pl\/index.php?rest_route=\/wp\/v2\/posts"}],"about":[{"href":"https:\/\/5lo.lublin.pl\/index.php?rest_route=\/wp\/v2\/types\/post"}],"author":[{"embeddable":true,"href":"https:\/\/5lo.lublin.pl\/index.php?rest_route=\/wp\/v2\/users\/23"}],"replies":[{"embeddable":true,"href":"https:\/\/5lo.lublin.pl\/index.php?rest_route=%2Fwp%2Fv2%2Fcomments&post=14720"}],"version-history":[{"count":2,"href":"https:\/\/5lo.lublin.pl\/index.php?rest_route=\/wp\/v2\/posts\/14720\/revisions"}],"predecessor-version":[{"id":15193,"href":"https:\/\/5lo.lublin.pl\/index.php?rest_route=\/wp\/v2\/posts\/14720\/revisions\/15193"}],"wp:featuredmedia":[{"embeddable":true,"href":"https:\/\/5lo.lublin.pl\/index.php?rest_route=\/wp\/v2\/media\/14738"}],"wp:attachment":[{"href":"https:\/\/5lo.lublin.pl\/index.php?rest_route=%2Fwp%2Fv2%2Fmedia&parent=14720"}],"wp:term":[{"taxonomy":"category","embeddable":true,"href":"https:\/\/5lo.lublin.pl\/index.php?rest_route=%2Fwp%2Fv2%2Fcategories&post=14720"},{"taxonomy":"post_tag","embeddable":true,"href":"https:\/\/5lo.lublin.pl\/index.php?rest_route=%2Fwp%2Fv2%2Ftags&post=14720"}],"curies":[{"name":"wp","href":"https:\/\/api.w.org\/{rel}","templated":true}]}}