{"id":14678,"date":"2020-02-10T07:52:25","date_gmt":"2020-02-10T07:52:25","guid":{"rendered":"http:\/\/5lo.lublin.pl\/?p=14678"},"modified":"2020-10-01T19:42:37","modified_gmt":"2020-10-01T19:42:37","slug":"sukcesy-naszych-uczniow-w-ogolnopolskim-konkursie-matematycznym-4","status":"publish","type":"post","link":"https:\/\/5lo.lublin.pl\/?p=14678","title":{"rendered":"Sukcesy naszych uczni\u00f3w w og\u00f3lnopolskim konkursie matematycznym"},"content":{"rendered":"\n<h6 class=\"wp-block-heading\"><p style=\"line-height: 1cm; text-align: justify\"> W dniu 8 listopada 2019 r. w naszej szkole odby\u0142a si\u0119 XXXII edycja og\u00f3lnopolskiego konkursu z matematyki OLIMPIADA WIEDZY ARCHIMEDES PLUS MATEMATYKA PLUS, kt\u00f3ry jest organizowany przez wydawnictwo Amermedia. W konkursie wzi\u0119\u0142o udzia\u0142 35 uczni\u00f3w (reprezentanci klas 1B, 1F, 1H, 1J, 2A, 2B, 3A oraz 3F).<br><br>   \nZ przyjemno\u015bci\u0105 informujemy, \u017ce nasi uczniowie osi\u0105gn\u0119li bardzo dobre wyniki &#8211; trzyna\u015bcie os\u00f3b uzyska\u0142o tytu\u0142 laureata: \n<br> Laureatem II stopnia zosta\u0142 <strong>Szymon \u015awietlicki<\/strong> ucze\u0144 klasy 3A.\n<br> Laureatem II stopnia zosta\u0142 <strong>Igor D\u0105browa-Karasi\u0144ski<\/strong> ucze\u0144 klasy 1B.\n<br> Laureatem II stopnia zosta\u0142  <strong>Micha\u0142 Wo\u017aniak<\/strong> ucze\u0144 klasy 3F.<br> Laureatem III stopnia zosta\u0142  <strong>Piotr Dulniak<\/strong> ucze\u0144 klasy 1B.<br>  Laureatem III stopnia zosta\u0142  <strong>Miko\u0142aj Cieloch<\/strong> ucze\u0144 klasy 1B. <br> Laureatem IV stopnia zosta\u0142  <strong>Mateusz Figiel<\/strong> ucze\u0144 klasy 3F.<br> Laureatk\u0105 IV stopnia zosta\u0142a <strong>Klaudia Pawlik<\/strong>  uczennica klasy 3F.<br> Laureatk\u0105 IV stopnia zosta\u0142a <strong>Wiktoria Madura<\/strong> uczennica klasy 1B .<br> Laureatem IV stopnia zosta\u0142  <strong>Krzysztof Jurkiewicz<\/strong> ucze\u0144 klasy 1B.<br>                                     Laureatem V stopnia zosta\u0142  <strong>Kajetan Nowakowski<\/strong> ucze\u0144 klasy 3A.  <br>                               \nLaureatk\u0105 V stopnia zosta\u0142a  <strong>Natalia Zych<\/strong>  uczennica klasy 3A.  \n<br> Laureatk\u0105 V stopnia zosta\u0142a  <strong>Patrycja Urba\u0144ska<\/strong>  uczennica klasy 1B.<br>                                \nLaureatk\u0105 V stopnia zosta\u0142a  <strong>Agnieszka Zdybel<\/strong>  uczennica klasy 1B. <\/p> <\/h6>\n\n\n\n<h6>  Gratulujemy i \u017cyczymy dalszych sukces\u00f3w! <br><br> Opiekunami laureat\u00f3w s\u0105 p. Agata K\u0119pka oraz p. Edyta Sadowska.<\/h6> <br>\n\n\n\n<div class=\"wp-block-image\"><figure class=\"aligncenter is-resized\"><img loading=\"lazy\" decoding=\"async\" src=\"https:\/\/5lo.lublin.pl\/wp-content\/uploads\/2020\/02\/skanowanie0001-703x1024.jpg\" alt=\"\" class=\"wp-image-14694\" width=\"352\" height=\"512\" srcset=\"https:\/\/5lo.lublin.pl\/wp-content\/uploads\/2020\/02\/skanowanie0001-703x1024.jpg 703w, https:\/\/5lo.lublin.pl\/wp-content\/uploads\/2020\/02\/skanowanie0001-206x300.jpg 206w, https:\/\/5lo.lublin.pl\/wp-content\/uploads\/2020\/02\/skanowanie0001-768x1118.jpg 768w, https:\/\/5lo.lublin.pl\/wp-content\/uploads\/2020\/02\/skanowanie0001-1055x1536.jpg 1055w, https:\/\/5lo.lublin.pl\/wp-content\/uploads\/2020\/02\/skanowanie0001-1406x2048.jpg 1406w, https:\/\/5lo.lublin.pl\/wp-content\/uploads\/2020\/02\/skanowanie0001.jpg 1099w\" sizes=\"(max-width: 352px) 100vw, 352px\" \/>&nbsp;<img loading=\"lazy\" decoding=\"async\" src=\"https:\/\/5lo.lublin.pl\/wp-content\/uploads\/2020\/02\/skanowanie0002-700x1024.jpg\" alt=\"\" class=\"wp-image-14695\" width=\"350\" height=\"512\" srcset=\"https:\/\/5lo.lublin.pl\/wp-content\/uploads\/2020\/02\/skanowanie0002-700x1024.jpg 700w, https:\/\/5lo.lublin.pl\/wp-content\/uploads\/2020\/02\/skanowanie0002-205x300.jpg 205w, https:\/\/5lo.lublin.pl\/wp-content\/uploads\/2020\/02\/skanowanie0002-768x1123.jpg 768w, https:\/\/5lo.lublin.pl\/wp-content\/uploads\/2020\/02\/skanowanie0002-1050x1536.jpg 1050w, https:\/\/5lo.lublin.pl\/wp-content\/uploads\/2020\/02\/skanowanie0002-1400x2048.jpg 1400w, https:\/\/5lo.lublin.pl\/wp-content\/uploads\/2020\/02\/skanowanie0002.jpg 1094w\" sizes=\"(max-width: 350px) 100vw, 350px\" \/><\/figure><\/div>\n\n\n\n<div class=\"wp-block-image\"><figure class=\"aligncenter is-resized\"><img loading=\"lazy\" decoding=\"async\" src=\"https:\/\/5lo.lublin.pl\/wp-content\/uploads\/2020\/02\/skanowanie0003-698x1024.jpg\" alt=\"\" class=\"wp-image-14696\" width=\"349\" height=\"512\" srcset=\"https:\/\/5lo.lublin.pl\/wp-content\/uploads\/2020\/02\/skanowanie0003-698x1024.jpg 698w, https:\/\/5lo.lublin.pl\/wp-content\/uploads\/2020\/02\/skanowanie0003-204x300.jpg 204w, https:\/\/5lo.lublin.pl\/wp-content\/uploads\/2020\/02\/skanowanie0003-768x1127.jpg 768w, https:\/\/5lo.lublin.pl\/wp-content\/uploads\/2020\/02\/skanowanie0003-1047x1536.jpg 1047w, https:\/\/5lo.lublin.pl\/wp-content\/uploads\/2020\/02\/skanowanie0003-1396x2048.jpg 1396w, https:\/\/5lo.lublin.pl\/wp-content\/uploads\/2020\/02\/skanowanie0003.jpg 1090w\" sizes=\"(max-width: 349px) 100vw, 349px\" \/>&nbsp;<img loading=\"lazy\" decoding=\"async\" src=\"https:\/\/5lo.lublin.pl\/wp-content\/uploads\/2020\/02\/skanowanie0004-696x1024.jpg\" alt=\"\" class=\"wp-image-14697\" width=\"348\" height=\"512\" srcset=\"https:\/\/5lo.lublin.pl\/wp-content\/uploads\/2020\/02\/skanowanie0004-696x1024.jpg 696w, https:\/\/5lo.lublin.pl\/wp-content\/uploads\/2020\/02\/skanowanie0004-204x300.jpg 204w, https:\/\/5lo.lublin.pl\/wp-content\/uploads\/2020\/02\/skanowanie0004-768x1129.jpg 768w, https:\/\/5lo.lublin.pl\/wp-content\/uploads\/2020\/02\/skanowanie0004-1045x1536.jpg 1045w, https:\/\/5lo.lublin.pl\/wp-content\/uploads\/2020\/02\/skanowanie0004-1393x2048.jpg 1393w, https:\/\/5lo.lublin.pl\/wp-content\/uploads\/2020\/02\/skanowanie0004.jpg 1088w\" sizes=\"(max-width: 348px) 100vw, 348px\" \/><\/figure><\/div>\n\n\n\n<div class=\"wp-block-image\"><figure class=\"aligncenter is-resized\"><img loading=\"lazy\" decoding=\"async\" src=\"https:\/\/5lo.lublin.pl\/wp-content\/uploads\/2020\/02\/skanowanie0005-718x1024.jpg\" alt=\"\" class=\"wp-image-14698\" width=\"359\" height=\"512\" srcset=\"https:\/\/5lo.lublin.pl\/wp-content\/uploads\/2020\/02\/skanowanie0005-718x1024.jpg 718w, https:\/\/5lo.lublin.pl\/wp-content\/uploads\/2020\/02\/skanowanie0005-210x300.jpg 210w, https:\/\/5lo.lublin.pl\/wp-content\/uploads\/2020\/02\/skanowanie0005-768x1096.jpg 768w, https:\/\/5lo.lublin.pl\/wp-content\/uploads\/2020\/02\/skanowanie0005-1076x1536.jpg 1076w, https:\/\/5lo.lublin.pl\/wp-content\/uploads\/2020\/02\/skanowanie0005-1435x2048.jpg 1435w, https:\/\/5lo.lublin.pl\/wp-content\/uploads\/2020\/02\/skanowanie0005.jpg 1121w\" sizes=\"(max-width: 359px) 100vw, 359px\" \/>&nbsp;<img loading=\"lazy\" decoding=\"async\" src=\"https:\/\/5lo.lublin.pl\/wp-content\/uploads\/2020\/02\/skanowanie0006-698x1024.jpg\" alt=\"\" class=\"wp-image-14699\" width=\"349\" height=\"512\" srcset=\"https:\/\/5lo.lublin.pl\/wp-content\/uploads\/2020\/02\/skanowanie0006-698x1024.jpg 698w, https:\/\/5lo.lublin.pl\/wp-content\/uploads\/2020\/02\/skanowanie0006-205x300.jpg 205w, https:\/\/5lo.lublin.pl\/wp-content\/uploads\/2020\/02\/skanowanie0006-768x1126.jpg 768w, https:\/\/5lo.lublin.pl\/wp-content\/uploads\/2020\/02\/skanowanie0006-1047x1536.jpg 1047w, https:\/\/5lo.lublin.pl\/wp-content\/uploads\/2020\/02\/skanowanie0006-1396x2048.jpg 1396w, https:\/\/5lo.lublin.pl\/wp-content\/uploads\/2020\/02\/skanowanie0006.jpg 1091w\" sizes=\"(max-width: 349px) 100vw, 349px\" \/><\/figure><\/div>\n\n\n\n<div class=\"wp-block-image\"><figure class=\"aligncenter size-large is-resized\"><img loading=\"lazy\" decoding=\"async\" src=\"https:\/\/5lo.lublin.pl\/wp-content\/uploads\/2020\/02\/dyplomKP-707x1024.png\" alt=\"\" class=\"wp-image-14711\" width=\"354\" height=\"512\" srcset=\"https:\/\/5lo.lublin.pl\/wp-content\/uploads\/2020\/02\/dyplomKP-707x1024.png 707w, https:\/\/5lo.lublin.pl\/wp-content\/uploads\/2020\/02\/dyplomKP-207x300.png 207w, https:\/\/5lo.lublin.pl\/wp-content\/uploads\/2020\/02\/dyplomKP-768x1113.png 768w, https:\/\/5lo.lublin.pl\/wp-content\/uploads\/2020\/02\/dyplomKP.png 960w\" sizes=\"(max-width: 354px) 100vw, 354px\" \/>&nbsp;<img loading=\"lazy\" decoding=\"async\" src=\"https:\/\/5lo.lublin.pl\/wp-content\/uploads\/2020\/02\/skanowanie0008-713x1024.jpg\" alt=\"\" class=\"wp-image-14701\" width=\"357\" height=\"512\" srcset=\"https:\/\/5lo.lublin.pl\/wp-content\/uploads\/2020\/02\/skanowanie0008-713x1024.jpg 713w, https:\/\/5lo.lublin.pl\/wp-content\/uploads\/2020\/02\/skanowanie0008-209x300.jpg 209w, https:\/\/5lo.lublin.pl\/wp-content\/uploads\/2020\/02\/skanowanie0008-768x1103.jpg 768w, https:\/\/5lo.lublin.pl\/wp-content\/uploads\/2020\/02\/skanowanie0008-1069x1536.jpg 1069w, https:\/\/5lo.lublin.pl\/wp-content\/uploads\/2020\/02\/skanowanie0008-1426x2048.jpg 1426w, https:\/\/5lo.lublin.pl\/wp-content\/uploads\/2020\/02\/skanowanie0008.jpg 1114w\" sizes=\"(max-width: 357px) 100vw, 357px\" \/><\/figure><\/div>\n\n\n\n<div class=\"wp-block-image\"><figure class=\"aligncenter is-resized\"><img loading=\"lazy\" decoding=\"async\" src=\"https:\/\/5lo.lublin.pl\/wp-content\/uploads\/2020\/02\/skanowanie0009-708x1024.jpg\" alt=\"\" class=\"wp-image-14702\" width=\"354\" height=\"512\" srcset=\"https:\/\/5lo.lublin.pl\/wp-content\/uploads\/2020\/02\/skanowanie0009-708x1024.jpg 708w, https:\/\/5lo.lublin.pl\/wp-content\/uploads\/2020\/02\/skanowanie0009-207x300.jpg 207w, https:\/\/5lo.lublin.pl\/wp-content\/uploads\/2020\/02\/skanowanie0009-768x1112.jpg 768w, https:\/\/5lo.lublin.pl\/wp-content\/uploads\/2020\/02\/skanowanie0009-1061x1536.jpg 1061w, https:\/\/5lo.lublin.pl\/wp-content\/uploads\/2020\/02\/skanowanie0009-1415x2048.jpg 1415w, https:\/\/5lo.lublin.pl\/wp-content\/uploads\/2020\/02\/skanowanie0009.jpg 1105w\" sizes=\"(max-width: 354px) 100vw, 354px\" \/>&nbsp;<img loading=\"lazy\" decoding=\"async\" src=\"https:\/\/5lo.lublin.pl\/wp-content\/uploads\/2020\/02\/skanowanie0010-699x1024.jpg\" alt=\"\" class=\"wp-image-14703\" width=\"350\" height=\"512\" srcset=\"https:\/\/5lo.lublin.pl\/wp-content\/uploads\/2020\/02\/skanowanie0010-699x1024.jpg 699w, https:\/\/5lo.lublin.pl\/wp-content\/uploads\/2020\/02\/skanowanie0010-205x300.jpg 205w, https:\/\/5lo.lublin.pl\/wp-content\/uploads\/2020\/02\/skanowanie0010-768x1126.jpg 768w, https:\/\/5lo.lublin.pl\/wp-content\/uploads\/2020\/02\/skanowanie0010-1048x1536.jpg 1048w, https:\/\/5lo.lublin.pl\/wp-content\/uploads\/2020\/02\/skanowanie0010-1397x2048.jpg 1397w, https:\/\/5lo.lublin.pl\/wp-content\/uploads\/2020\/02\/skanowanie0010.jpg 1091w\" sizes=\"(max-width: 350px) 100vw, 350px\" \/><\/figure><\/div>\n\n\n\n<div class=\"wp-block-image\"><figure class=\"aligncenter is-resized\"><img loading=\"lazy\" decoding=\"async\" src=\"https:\/\/5lo.lublin.pl\/wp-content\/uploads\/2020\/02\/skanowanie0011-706x1024.jpg\" alt=\"\" class=\"wp-image-14704\" width=\"353\" height=\"512\" srcset=\"https:\/\/5lo.lublin.pl\/wp-content\/uploads\/2020\/02\/skanowanie0011-706x1024.jpg 706w, https:\/\/5lo.lublin.pl\/wp-content\/uploads\/2020\/02\/skanowanie0011-207x300.jpg 207w, https:\/\/5lo.lublin.pl\/wp-content\/uploads\/2020\/02\/skanowanie0011-768x1113.jpg 768w, https:\/\/5lo.lublin.pl\/wp-content\/uploads\/2020\/02\/skanowanie0011-1059x1536.jpg 1059w, https:\/\/5lo.lublin.pl\/wp-content\/uploads\/2020\/02\/skanowanie0011-1413x2048.jpg 1413w, https:\/\/5lo.lublin.pl\/wp-content\/uploads\/2020\/02\/skanowanie0011.jpg 1104w\" sizes=\"(max-width: 353px) 100vw, 353px\" \/>&nbsp;<img loading=\"lazy\" decoding=\"async\" src=\"https:\/\/5lo.lublin.pl\/wp-content\/uploads\/2020\/02\/skanowanie0013-718x1024.jpg\" alt=\"\" class=\"wp-image-14706\" width=\"359\" height=\"512\" srcset=\"https:\/\/5lo.lublin.pl\/wp-content\/uploads\/2020\/02\/skanowanie0013-718x1024.jpg 718w, https:\/\/5lo.lublin.pl\/wp-content\/uploads\/2020\/02\/skanowanie0013-210x300.jpg 210w, https:\/\/5lo.lublin.pl\/wp-content\/uploads\/2020\/02\/skanowanie0013-768x1096.jpg 768w, https:\/\/5lo.lublin.pl\/wp-content\/uploads\/2020\/02\/skanowanie0013-1076x1536.jpg 1076w, https:\/\/5lo.lublin.pl\/wp-content\/uploads\/2020\/02\/skanowanie0013-1435x2048.jpg 1435w, https:\/\/5lo.lublin.pl\/wp-content\/uploads\/2020\/02\/skanowanie0013.jpg 1121w\" sizes=\"(max-width: 359px) 100vw, 359px\" \/><\/figure><\/div>\n\n\n\n<div class=\"wp-block-image\"><figure class=\"aligncenter is-resized\"><img loading=\"lazy\" decoding=\"async\" src=\"https:\/\/5lo.lublin.pl\/wp-content\/uploads\/2020\/02\/skanowanie0012-717x1024.jpg\" alt=\"\" class=\"wp-image-14705\" width=\"359\" height=\"512\" srcset=\"https:\/\/5lo.lublin.pl\/wp-content\/uploads\/2020\/02\/skanowanie0012-717x1024.jpg 717w, https:\/\/5lo.lublin.pl\/wp-content\/uploads\/2020\/02\/skanowanie0012-210x300.jpg 210w, https:\/\/5lo.lublin.pl\/wp-content\/uploads\/2020\/02\/skanowanie0012-768x1096.jpg 768w, https:\/\/5lo.lublin.pl\/wp-content\/uploads\/2020\/02\/skanowanie0012-1076x1536.jpg 1076w, https:\/\/5lo.lublin.pl\/wp-content\/uploads\/2020\/02\/skanowanie0012-1435x2048.jpg 1435w, https:\/\/5lo.lublin.pl\/wp-content\/uploads\/2020\/02\/skanowanie0012.jpg 1121w\" sizes=\"(max-width: 359px) 100vw, 359px\" \/><\/figure><\/div>\n\n\n\n\n\n<p><\/p>\n","protected":false},"excerpt":{"rendered":"<p>W dniu 8 listopada 2019 r. w naszej szkole odby\u0142a si\u0119 XXXII edycja og\u00f3lnopolskiego konkursu z matematyki OLIMPIADA WIEDZY ARCHIMEDES PLUS MATEMATYKA PLUS, kt\u00f3ry jest organizowany przez wydawnictwo Amermedia. W konkursie wzi\u0119\u0142o udzia\u0142 35 uczni\u00f3w (reprezentanci klas 1B, 1F, 1H, 1J, 2A, 2B, 3A oraz 3F). Z przyjemno\u015bci\u0105 informujemy, \u017ce nasi uczniowie osi\u0105gn\u0119li bardzo dobre [&hellip;]<\/p>\n","protected":false},"author":23,"featured_media":14739,"comment_status":"open","ping_status":"open","sticky":false,"template":"","format":"standard","meta":{"footnotes":""},"categories":[134],"tags":[],"_links":{"self":[{"href":"https:\/\/5lo.lublin.pl\/index.php?rest_route=\/wp\/v2\/posts\/14678"}],"collection":[{"href":"https:\/\/5lo.lublin.pl\/index.php?rest_route=\/wp\/v2\/posts"}],"about":[{"href":"https:\/\/5lo.lublin.pl\/index.php?rest_route=\/wp\/v2\/types\/post"}],"author":[{"embeddable":true,"href":"https:\/\/5lo.lublin.pl\/index.php?rest_route=\/wp\/v2\/users\/23"}],"replies":[{"embeddable":true,"href":"https:\/\/5lo.lublin.pl\/index.php?rest_route=%2Fwp%2Fv2%2Fcomments&post=14678"}],"version-history":[{"count":1,"href":"https:\/\/5lo.lublin.pl\/index.php?rest_route=\/wp\/v2\/posts\/14678\/revisions"}],"predecessor-version":[{"id":14718,"href":"https:\/\/5lo.lublin.pl\/index.php?rest_route=\/wp\/v2\/posts\/14678\/revisions\/14718"}],"wp:featuredmedia":[{"embeddable":true,"href":"https:\/\/5lo.lublin.pl\/index.php?rest_route=\/wp\/v2\/media\/14739"}],"wp:attachment":[{"href":"https:\/\/5lo.lublin.pl\/index.php?rest_route=%2Fwp%2Fv2%2Fmedia&parent=14678"}],"wp:term":[{"taxonomy":"category","embeddable":true,"href":"https:\/\/5lo.lublin.pl\/index.php?rest_route=%2Fwp%2Fv2%2Fcategories&post=14678"},{"taxonomy":"post_tag","embeddable":true,"href":"https:\/\/5lo.lublin.pl\/index.php?rest_route=%2Fwp%2Fv2%2Ftags&post=14678"}],"curies":[{"name":"wp","href":"https:\/\/api.w.org\/{rel}","templated":true}]}}