{"id":14476,"date":"2020-02-02T21:58:56","date_gmt":"2020-02-02T21:58:56","guid":{"rendered":"http:\/\/5lo.lublin.pl\/?p=14476"},"modified":"2020-02-05T21:57:21","modified_gmt":"2020-02-05T21:57:21","slug":"chodz-opowiem-ci-bajke","status":"publish","type":"post","link":"https:\/\/5lo.lublin.pl\/?p=14476","title":{"rendered":"Chod\u017a, opowiem Ci bajk\u0119\u2026"},"content":{"rendered":"\n<p class=\"has-medium-font-size\">W poniedzia\u0142ek 27 stycznia 2020r. m\u0142odzie\u017c z klasy 2h uczestniczy\u0142a w uroczystym rozstrzygni\u0119ciu Konkursu Mi\u0119dzypokoleniowego \u201eDziadkowie- wnukom &#8211; wnuki &#8211; dziadkom. Opowiem Ci bajk\u0119\u201d. Z 30 prac wys\u0142anych na konkurs z naszej szko\u0142y, jury wybra\u0142o te, kt\u00f3re nagrodzi\u0142o. Wyr\u00f3\u017cnienie otrzyma\u0142a Klaudia Wo\u017aniak, trzecie miejsce Wiktoria Opoka, za\u015b pierwsze Kinga Skoczylas za \u201eBajk\u0119 o hu\u015btawce do nieba\u201d dedykowan\u0105 pami\u0119ci Dziadka Olka.<\/p>\n\n\n\n<div class=\"wp-block-image\"><figure class=\"aligncenter\"><img decoding=\"async\" src=\"https:\/\/5lo.lublin.pl\/wp-content\/uploads\/2020\/02\/83797979_191511261926582_4018797243850031104_n.jpg\" alt=\"\" class=\"wp-image-14478\"\/><\/figure><\/div>\n\n\n\n<p class=\"has-medium-font-size\">Na zaproszenie dziennikarki Radia Lublin p. Magdaleny Lipiec- Jaremek Kinga wraz z p. Wand\u0105 J\u0119drzejewsk\u0105 i p. Lidi\u0105 Potoni\u0105 ze Stowarzyszenia Terraz Senioras rozmawia\u0142y na radiowej antenie o warto\u015bciach nadrz\u0119dnych w relacji pomi\u0119dzy m\u0142odszym a starszym pokoleniem, a tak\u017ce o tym, co jedni mog\u0105 ofiarowa\u0107 drugim?<\/p>\n\n\n\n<figure class=\"wp-block-gallery columns-0 is-cropped wp-block-gallery-1 is-layout-flex wp-block-gallery-is-layout-flex\"><ul class=\"blocks-gallery-grid\"><\/ul><\/figure>\n\n\n\n<p class=\"has-medium-font-size\">Gor\u0105co gratulujemy wszystkim uczestnikom konkursu wyobra\u017ani\ni empatii i \u017cyczymy kolejnych sukces\u00f3w.<\/p>\n","protected":false},"excerpt":{"rendered":"<p>W poniedzia\u0142ek 27 stycznia 2020r. m\u0142odzie\u017c z klasy 2h uczestniczy\u0142a w uroczystym rozstrzygni\u0119ciu Konkursu Mi\u0119dzypokoleniowego \u201eDziadkowie- wnukom &#8211; wnuki &#8211; dziadkom. Opowiem Ci bajk\u0119\u201d. Z 30 prac wys\u0142anych na konkurs z naszej szko\u0142y, jury wybra\u0142o te, kt\u00f3re nagrodzi\u0142o. Wyr\u00f3\u017cnienie otrzyma\u0142a Klaudia Wo\u017aniak, trzecie miejsce Wiktoria Opoka, za\u015b pierwsze Kinga Skoczylas za \u201eBajk\u0119 o hu\u015btawce do [&hellip;]<\/p>\n","protected":false},"author":23,"featured_media":14484,"comment_status":"open","ping_status":"open","sticky":false,"template":"","format":"standard","meta":{"footnotes":""},"categories":[134],"tags":[],"_links":{"self":[{"href":"https:\/\/5lo.lublin.pl\/index.php?rest_route=\/wp\/v2\/posts\/14476"}],"collection":[{"href":"https:\/\/5lo.lublin.pl\/index.php?rest_route=\/wp\/v2\/posts"}],"about":[{"href":"https:\/\/5lo.lublin.pl\/index.php?rest_route=\/wp\/v2\/types\/post"}],"author":[{"embeddable":true,"href":"https:\/\/5lo.lublin.pl\/index.php?rest_route=\/wp\/v2\/users\/23"}],"replies":[{"embeddable":true,"href":"https:\/\/5lo.lublin.pl\/index.php?rest_route=%2Fwp%2Fv2%2Fcomments&post=14476"}],"version-history":[{"count":1,"href":"https:\/\/5lo.lublin.pl\/index.php?rest_route=\/wp\/v2\/posts\/14476\/revisions"}],"predecessor-version":[{"id":14677,"href":"https:\/\/5lo.lublin.pl\/index.php?rest_route=\/wp\/v2\/posts\/14476\/revisions\/14677"}],"wp:featuredmedia":[{"embeddable":true,"href":"https:\/\/5lo.lublin.pl\/index.php?rest_route=\/wp\/v2\/media\/14484"}],"wp:attachment":[{"href":"https:\/\/5lo.lublin.pl\/index.php?rest_route=%2Fwp%2Fv2%2Fmedia&parent=14476"}],"wp:term":[{"taxonomy":"category","embeddable":true,"href":"https:\/\/5lo.lublin.pl\/index.php?rest_route=%2Fwp%2Fv2%2Fcategories&post=14476"},{"taxonomy":"post_tag","embeddable":true,"href":"https:\/\/5lo.lublin.pl\/index.php?rest_route=%2Fwp%2Fv2%2Ftags&post=14476"}],"curies":[{"name":"wp","href":"https:\/\/api.w.org\/{rel}","templated":true}]}}