{"id":14185,"date":"2019-12-03T12:08:05","date_gmt":"2019-12-03T12:08:05","guid":{"rendered":"http:\/\/5lo.lublin.pl\/?p=14185"},"modified":"2019-12-03T12:08:08","modified_gmt":"2019-12-03T12:08:08","slug":"drugi-wynik-w-historii-szkoly","status":"publish","type":"post","link":"https:\/\/5lo.lublin.pl\/?p=14185","title":{"rendered":"Drugi wynik w historii szko\u0142y!"},"content":{"rendered":"\n<p>W pi\u0105tek 29 listopada 2019 roku w \u015awidniku mia\u0142o miejsce Podsumowanie Wsp\u00f3\u0142zawodnictwa Sportowego Szk\u00f3\u0142  Wojew\u00f3dztwa Lubelskiego &#8211;  Licealiada 2018\/2019 . <\/p>\n\n\n\n<p>Z przyjemno\u015bci\u0105 informujemy, i\u017c nasza szko\u0142a po raz trzeci w historii wskoczy\u0142a na podium, zajmuj\u0105c <strong>2 miejsce<\/strong> spo\u015br\u00f3d 119 punktowanych w wojew\u00f3dztwie szk\u00f3\u0142 ponadgimnazjalnych. Puchar, dyplom oraz podzi\u0119kowania od Lubelskiego Kuratora Teresy Misiuk z r\u0105k Prezesa Lubelskiego Wojew\u00f3dzkiego SZS Mariana Sikorskiego odebra\u0142 Pan Dyrektor Zbigniew Jakuszko wraz z nauczycielami wychowania fizycznego V LO.<\/p>\n\n\n\n<p>Klasyfikacja ko\u0144cowa 10 najlepszych szk\u00f3\u0142 oraz najlepszych lubelskich szk\u00f3\u0142:<\/p>\n\n\n\n<p>1. ZS nr 2 Lubart\u00f3w &#8211; 637 pkt<\/p>\n\n\n\n<p>2. V LO Lublin &#8211; 588 pkt<\/p>\n\n\n\n<p>3. IV LO Bia\u0142a Podlaska &#8211; 574 pkt<\/p>\n\n\n\n<p>4. I LO Che\u0142m &#8211; 492 pkt<\/p>\n\n\n\n<p>5. ZS nr Hrubiesz\u00f3w &#8211; 487 pkt<\/p>\n\n\n\n<p>6. ZSBiO Bi\u0142goraj &#8211; 465 pkt<\/p>\n\n\n\n<p>7. III LO Zamo\u015b\u0107 &#8211; 445 pkt<\/p>\n\n\n\n<p>8. I LO Bia\u0142a Podlaska &#8211; 438 pkt<\/p>\n\n\n\n<p>9. ZSEiM Che\u0142m &#8211; 398 pkt<\/p>\n\n\n\n<p>10. II LO Che\u0142m &#8211; 349 pkt<\/p>\n\n\n\n<p>&#8230;<\/p>\n\n\n\n<p>16. ZSE-L Lublin &#8211; 278 pkt<\/p>\n\n\n\n<p>&#8230;<\/p>\n\n\n\n<p>26. I LO Lublin &#8211; 210 pkt<\/p>\n\n\n\n<p>27. II LO Lublin &#8211; 205 pkt<\/p>\n\n\n\n<p>Opiekunami naszych reprezentacji byli: Andrzej Dubielis, Dariusz Augustyniak, Pawe\u0142 Goc, Norbert Ko\u0142odziejczyk i Adrian Szczotka.<\/p>\n\n\n\n<p>Serdecznie gratulujemy i \u017cyczymy dalszych sukces\u00f3w sportowych.<\/p>\n\n\n\n<div id=\"metaslider-id-14189\" style=\"max-width: 900px; margin: 0 auto;\" class=\"ml-slider-3-62-0 metaslider metaslider-flex metaslider-14189 ml-slider ms-theme-disjoint nav-hidden\" role=\"region\" aria-roledescription=\"Slideshow\" aria-label=\"Podsumowanie Wojew\u00f3dztwo\">\n    <div id=\"metaslider_container_14189\">\n        <div id=\"metaslider_14189\" class=\"flexslider\">\n            <ul aria-live=\"polite\" class=\"slides\">\n                <li style=\"display: block; width: 100%;\" class=\"slide-14194 ms-image \" aria-roledescription=\"slide\" aria-label=\"slide-14194\"><img loading=\"lazy\" decoding=\"async\" src=\"https:\/\/5lo.lublin.pl\/wp-content\/uploads\/2019\/12\/69A795C6-7991-427E-8615-026725258201-scaled-900x600.jpeg\" height=\"600\" width=\"900\" alt=\"\" class=\"slider-14189 slide-14194\" title=\"69A795C6-7991-427E-8615-026725258201\" \/><\/li>\n                <li style=\"display: none; width: 100%;\" class=\"slide-14195 ms-image \" aria-roledescription=\"slide\" aria-label=\"slide-14195\"><img loading=\"lazy\" decoding=\"async\" src=\"https:\/\/5lo.lublin.pl\/wp-content\/uploads\/2019\/12\/626A949C-77DF-41D5-9071-BE08BFEF3C55-scaled-900x600.jpeg\" height=\"600\" width=\"900\" alt=\"\" class=\"slider-14189 slide-14195\" title=\"626A949C-77DF-41D5-9071-BE08BFEF3C55\" \/><\/li>\n                <li style=\"display: none; width: 100%;\" class=\"slide-14196 ms-image \" aria-roledescription=\"slide\" aria-label=\"slide-14196\"><img loading=\"lazy\" decoding=\"async\" src=\"https:\/\/5lo.lublin.pl\/wp-content\/uploads\/2019\/12\/6857AC39-3F52-4AB5-A3B5-ADAC24107BF4-scaled-900x600.jpeg\" height=\"600\" width=\"900\" alt=\"\" class=\"slider-14189 slide-14196\" title=\"6857AC39-3F52-4AB5-A3B5-ADAC24107BF4\" \/><\/li>\n                <li style=\"display: none; width: 100%;\" class=\"slide-14197 ms-image \" aria-roledescription=\"slide\" aria-label=\"slide-14197\"><img loading=\"lazy\" decoding=\"async\" src=\"https:\/\/5lo.lublin.pl\/wp-content\/uploads\/2019\/12\/9263C47D-7A2F-4379-9109-DEEF40ECBFB5-scaled-900x600.jpeg\" height=\"600\" width=\"900\" alt=\"\" class=\"slider-14189 slide-14197\" title=\"9263C47D-7A2F-4379-9109-DEEF40ECBFB5\" \/><\/li>\n            <\/ul>\n        <\/div>\n        \n    <\/div>\n<\/div>\n","protected":false},"excerpt":{"rendered":"<p>W pi\u0105tek 29 listopada 2019 roku w \u015awidniku mia\u0142o miejsce Podsumowanie Wsp\u00f3\u0142zawodnictwa Sportowego Szk\u00f3\u0142 Wojew\u00f3dztwa Lubelskiego &#8211; Licealiada 2018\/2019 . Z przyjemno\u015bci\u0105 informujemy, i\u017c nasza szko\u0142a po raz trzeci w historii wskoczy\u0142a na podium, zajmuj\u0105c 2 miejsce spo\u015br\u00f3d 119 punktowanych w wojew\u00f3dztwie szk\u00f3\u0142 ponadgimnazjalnych. Puchar, dyplom oraz podzi\u0119kowania od Lubelskiego Kuratora Teresy Misiuk z r\u0105k [&hellip;]<\/p>\n","protected":false},"author":12,"featured_media":14191,"comment_status":"open","ping_status":"open","sticky":false,"template":"","format":"standard","meta":{"footnotes":""},"categories":[134,138,133],"tags":[],"_links":{"self":[{"href":"https:\/\/5lo.lublin.pl\/index.php?rest_route=\/wp\/v2\/posts\/14185"}],"collection":[{"href":"https:\/\/5lo.lublin.pl\/index.php?rest_route=\/wp\/v2\/posts"}],"about":[{"href":"https:\/\/5lo.lublin.pl\/index.php?rest_route=\/wp\/v2\/types\/post"}],"author":[{"embeddable":true,"href":"https:\/\/5lo.lublin.pl\/index.php?rest_route=\/wp\/v2\/users\/12"}],"replies":[{"embeddable":true,"href":"https:\/\/5lo.lublin.pl\/index.php?rest_route=%2Fwp%2Fv2%2Fcomments&post=14185"}],"version-history":[{"count":1,"href":"https:\/\/5lo.lublin.pl\/index.php?rest_route=\/wp\/v2\/posts\/14185\/revisions"}],"predecessor-version":[{"id":14199,"href":"https:\/\/5lo.lublin.pl\/index.php?rest_route=\/wp\/v2\/posts\/14185\/revisions\/14199"}],"wp:featuredmedia":[{"embeddable":true,"href":"https:\/\/5lo.lublin.pl\/index.php?rest_route=\/wp\/v2\/media\/14191"}],"wp:attachment":[{"href":"https:\/\/5lo.lublin.pl\/index.php?rest_route=%2Fwp%2Fv2%2Fmedia&parent=14185"}],"wp:term":[{"taxonomy":"category","embeddable":true,"href":"https:\/\/5lo.lublin.pl\/index.php?rest_route=%2Fwp%2Fv2%2Fcategories&post=14185"},{"taxonomy":"post_tag","embeddable":true,"href":"https:\/\/5lo.lublin.pl\/index.php?rest_route=%2Fwp%2Fv2%2Ftags&post=14185"}],"curies":[{"name":"wp","href":"https:\/\/api.w.org\/{rel}","templated":true}]}}