{"id":14129,"date":"2019-11-15T17:00:20","date_gmt":"2019-11-15T17:00:20","guid":{"rendered":"http:\/\/5lo.lublin.pl\/?p=14129"},"modified":"2019-11-26T17:05:08","modified_gmt":"2019-11-26T17:05:08","slug":"wspaniale-sukcesy-naszych-lekkoatletow","status":"publish","type":"post","link":"https:\/\/5lo.lublin.pl\/?p=14129","title":{"rendered":"Wspania\u0142e sukcesy naszych lekkoatlet\u00f3w!"},"content":{"rendered":"\n<p>Ostatnie miesi\u0105ce by\u0142y bardzo owocne w sukcesy m\u0142odych sportowc\u00f3w V LO. Jako pierwsze w rywalizacji sportowej mia\u0142y miejsce Indywidualne biegi prze\u0142ajowe zako\u0144czone sukcesem. Reprezentacja dziewcz\u0105t w sk\u0142adzie: Natalia Zych 3a, Katarzyna Kocot 3f, Wiktoria Drozd 3j, Monika Pa\u015bnik 3j, Weronika Taracha 2b, Julia Banaszkiewicz 2c, Katarzyna Jutkiewicz 2e, Agnieszka Niezgoda 1c, Martyna Gorecka 1h zaj\u0119\u0142a najwy\u017csze 1 miejsce, a tu\u017c za podium na 4 miejscu uplasowali si\u0119 ch\u0142opcy w sk\u0142adzie: Krystian Gontarz 3f, Bartosz Gajo 2b, Krystian St\u0119pie\u0144 2b, Jakub Wawrzusiszyn 2b, Jakub Knap 2f, Patryk Drozd 2g, Rafa\u0142 Mazur 1a, Mateusz Radko 1a, Bartosz Kitli\u0144ski 1b, Jakub Wrona 1g. Zwyci\u0119stwo dziewcz\u0105t pozwoli\u0142o na udzia\u0142 w rywalizacji na kolejnym szczeblu. <\/p>\n\n\n\n<p>25 pa\u017adziernika w Tomaszowie Lubelskim odby\u0142y si\u0119 Wojew\u00f3dzkie sztafetowe biegi prze\u0142ajowe. Ju\u017c od pierwszej zmiany nasz sk\u0142ad dziewcz\u0105t zdobywa\u0142 rosn\u0105c\u0105 przewag\u0119. Swoje zmagania uczennice zako\u0144czy\u0142y zajmuj\u0105c 1 miejsce i po raz kolejny udowodni\u0142y, \u017ce s\u0105 najlepsze w wojew\u00f3dztwie!<\/p>\n\n\n\n<p>2 pa\u017adziernika odby\u0142a si\u0119 Szkolna liga lekkoatletyczna. Szesnastoosobowe sk\u0142ady walczy\u0142y w r\u00f3\u017cnych konkurencjach zdobywaj\u0105c punkty, kt\u00f3re pozwoli\u0142y na osi\u0105gni\u0119cie najwy\u017cszego wyniku w kategorii dziewcz\u0105t i drugiego wyniku w kategorii ch\u0142opc\u00f3w. Nasz\u0105 szko\u0142\u0119 reprezentowa\u0142y: Natalia Zych 3a, Katarzyna Kocot 3f, Klaudia Pawlik 3f, Anita Cie\u015bla 3h, Monika Pa\u015bnik 3j, Alicja Dra\u0144ska 2b, Natalia Mordel 2b, Weronika Taracha 2b, Julia Baszkiewicz 2c, Katarzyna Jutkiewicz 2e, Urszula Lamorska 1b, Lena Jarosz 1c, Agnieszka Niezgoda 1c, Marcelina Ko\u0142odziejczyk 1g, Martyna Gorecka 1h, Maja Oleszczuk 1j, natomiast w kategorii ch\u0142opc\u00f3w: Sebastian G\u0142uch 3b, Jakub Murlak 3b, Igor Piekarz 3g, Jakub Duda 2a, Jan Pasewicz 2a, Karol Wojczuk 2a, Bartosz Gajo 2b, Krystian St\u0119pie\u0144 2b, Jakub Wawrzusiszyn 2b, Patryk Drozd 2g, Jakub Knap 2f, Rafa\u0142 Mazur 1a, Mateusz Radko 1a, Bartosz Kitli\u0144ski 1b, Jakub Wrona 1g, Jakub Zydorczyk 1h. Miejsca 1 i 2 na podium pozwoli\u0142o na udzia\u0142 w nast\u0119pnym etapie wsp\u00f3\u0142zawodnictwa.<\/p>\n\n\n\n<p>16 pa\u017adziernika na lubelskim pi\u0119knym stadionie lekkoatletycznym w blasku s\u0142o\u0144ca zaprezentowa\u0142y si\u0119 najlepsze szko\u0142y w wojew\u00f3dztwie. Po raz kolejny uczennice naszego liceum nie da\u0142y za wygran\u0105 i wywalczy\u0142y z\u0142ote medale! Dru\u017cyna ch\u0142opc\u00f3w uplasowa\u0142a si\u0119 na XI miejscu.<\/p>\n\n\n\n<p>Opiekunem grup by\u0142 Sor Andrzej Dubielis.<\/p>\n\n\n\n<p>Serdecznie gratulujemy i \u017cyczymy dalszych sukces\u00f3w naszym sportowcom w innych dyscyplinach!<\/p>\n\n\n\n<div class=\"alignnormal\"><div id=\"metaslider-id-14165\" style=\"max-width: 900px; margin: 0 auto;\" class=\"ml-slider-3-62-0 metaslider metaslider-flex metaslider-14165 ml-slider ms-theme-disjoint nav-hidden\" role=\"region\" aria-roledescription=\"Slideshow\" aria-label=\"LA i prze\u0142aje\">\n    <div id=\"metaslider_container_14165\">\n        <div id=\"metaslider_14165\" class=\"flexslider\">\n            <ul aria-live=\"polite\" class=\"slides\">\n                <li style=\"display: block; width: 100%;\" class=\"slide-14166 ms-image \" aria-roledescription=\"slide\" aria-label=\"slide-14166\"><img loading=\"lazy\" decoding=\"async\" src=\"https:\/\/5lo.lublin.pl\/wp-content\/uploads\/2019\/11\/75085118_2523469751204866_5393668703965413376_n-900x600.jpg\" height=\"600\" width=\"900\" alt=\"\" class=\"slider-14165 slide-14166\" title=\"75085118_2523469751204866_5393668703965413376_n\" \/><\/li>\n                <li style=\"display: none; width: 100%;\" class=\"slide-14167 ms-image \" aria-roledescription=\"slide\" aria-label=\"slide-14167\"><img loading=\"lazy\" decoding=\"async\" src=\"https:\/\/5lo.lublin.pl\/wp-content\/uploads\/2019\/11\/74614153_521530158692714_5998384512805896192_n-900x600.jpg\" height=\"600\" width=\"900\" alt=\"\" class=\"slider-14165 slide-14167\" title=\"74614153_521530158692714_5998384512805896192_n\" \/><\/li>\n                <li style=\"display: none; width: 100%;\" class=\"slide-14168 ms-image \" aria-roledescription=\"slide\" aria-label=\"slide-14168\"><img loading=\"lazy\" decoding=\"async\" src=\"https:\/\/5lo.lublin.pl\/wp-content\/uploads\/2019\/11\/75565660_1085528975130947_2737027974493634560_n-900x600.jpg\" height=\"600\" width=\"900\" alt=\"\" class=\"slider-14165 slide-14168\" title=\"75565660_1085528975130947_2737027974493634560_n\" \/><\/li>\n                <li style=\"display: none; width: 100%;\" class=\"slide-14169 ms-image \" aria-roledescription=\"slide\" aria-label=\"slide-14169\"><img loading=\"lazy\" decoding=\"async\" src=\"https:\/\/5lo.lublin.pl\/wp-content\/uploads\/2019\/11\/75392702_777015759428108_3879339196187410432_n-900x600.jpg\" height=\"600\" width=\"900\" alt=\"\" class=\"slider-14165 slide-14169\" title=\"75392702_777015759428108_3879339196187410432_n\" \/><\/li>\n                <li style=\"display: none; width: 100%;\" class=\"slide-14170 ms-image \" aria-roledescription=\"slide\" aria-label=\"slide-14170\"><img loading=\"lazy\" decoding=\"async\" src=\"https:\/\/5lo.lublin.pl\/wp-content\/uploads\/2019\/11\/75187530_455258331789590_18247301701042176_n-900x600.jpg\" height=\"600\" width=\"900\" alt=\"\" class=\"slider-14165 slide-14170\" title=\"75187530_455258331789590_18247301701042176_n\" \/><\/li>\n            <\/ul>\n        <\/div>\n        \n    <\/div>\n<\/div><\/div>\n","protected":false},"excerpt":{"rendered":"<p>Ostatnie miesi\u0105ce by\u0142y bardzo owocne w sukcesy m\u0142odych sportowc\u00f3w V LO. Jako pierwsze w rywalizacji sportowej mia\u0142y miejsce Indywidualne biegi prze\u0142ajowe zako\u0144czone sukcesem. Reprezentacja dziewcz\u0105t w sk\u0142adzie: Natalia Zych 3a, Katarzyna Kocot 3f, Wiktoria Drozd 3j, Monika Pa\u015bnik 3j, Weronika Taracha 2b, Julia Banaszkiewicz 2c, Katarzyna Jutkiewicz 2e, Agnieszka Niezgoda 1c, Martyna Gorecka 1h zaj\u0119\u0142a [&hellip;]<\/p>\n","protected":false},"author":12,"featured_media":14163,"comment_status":"open","ping_status":"open","sticky":false,"template":"","format":"standard","meta":{"footnotes":""},"categories":[138,133],"tags":[],"_links":{"self":[{"href":"https:\/\/5lo.lublin.pl\/index.php?rest_route=\/wp\/v2\/posts\/14129"}],"collection":[{"href":"https:\/\/5lo.lublin.pl\/index.php?rest_route=\/wp\/v2\/posts"}],"about":[{"href":"https:\/\/5lo.lublin.pl\/index.php?rest_route=\/wp\/v2\/types\/post"}],"author":[{"embeddable":true,"href":"https:\/\/5lo.lublin.pl\/index.php?rest_route=\/wp\/v2\/users\/12"}],"replies":[{"embeddable":true,"href":"https:\/\/5lo.lublin.pl\/index.php?rest_route=%2Fwp%2Fv2%2Fcomments&post=14129"}],"version-history":[{"count":1,"href":"https:\/\/5lo.lublin.pl\/index.php?rest_route=\/wp\/v2\/posts\/14129\/revisions"}],"predecessor-version":[{"id":14173,"href":"https:\/\/5lo.lublin.pl\/index.php?rest_route=\/wp\/v2\/posts\/14129\/revisions\/14173"}],"wp:featuredmedia":[{"embeddable":true,"href":"https:\/\/5lo.lublin.pl\/index.php?rest_route=\/wp\/v2\/media\/14163"}],"wp:attachment":[{"href":"https:\/\/5lo.lublin.pl\/index.php?rest_route=%2Fwp%2Fv2%2Fmedia&parent=14129"}],"wp:term":[{"taxonomy":"category","embeddable":true,"href":"https:\/\/5lo.lublin.pl\/index.php?rest_route=%2Fwp%2Fv2%2Fcategories&post=14129"},{"taxonomy":"post_tag","embeddable":true,"href":"https:\/\/5lo.lublin.pl\/index.php?rest_route=%2Fwp%2Fv2%2Ftags&post=14129"}],"curies":[{"name":"wp","href":"https:\/\/api.w.org\/{rel}","templated":true}]}}