{"id":13736,"date":"2019-11-15T17:10:35","date_gmt":"2019-11-15T17:10:35","guid":{"rendered":"http:\/\/5lo.lublin.pl\/?p=13736"},"modified":"2019-11-15T17:13:32","modified_gmt":"2019-11-15T17:13:32","slug":"dzien-postaci-z-bajek","status":"publish","type":"post","link":"https:\/\/5lo.lublin.pl\/?p=13736","title":{"rendered":"Dzie\u0144 Postaci z Bajek"},"content":{"rendered":"\n<p> 8 listopada w V Liceum Og\u00f3lnokszta\u0142c\u0105cym w Lublinie odby\u0142 si\u0119 Dzie\u0144 Postaci z Bajek zorganizowany przez Samorz\u0105d Uczniowski. Zadaniem ka\u017cdej klasy by\u0142o wybranie jednej bajki i przebranie si\u0119 za jej bohater\u00f3w. Konkurs cieszy\u0142 si\u0119 du\u017cym zainteresowaniem, a uczniowie wykazali si\u0119 ogromn\u0105 kreatywno\u015bci\u0105. <\/p>\n\n\n<div id=\"metaslider-id-13601\" style=\"max-width: 900px; margin: 0 auto;\" class=\"ml-slider-3-62-0 metaslider metaslider-flex metaslider-13601 ml-slider ms-theme-disjoint nav-hidden\" role=\"region\" aria-roledescription=\"Slideshow\" aria-label=\"New Slideshow\">\n    <div id=\"metaslider_container_13601\">\n        <div id=\"metaslider_13601\" class=\"flexslider\">\n            <ul aria-live=\"polite\" class=\"slides\">\n                <li style=\"display: block; width: 100%;\" class=\"slide-13758 ms-image \" aria-roledescription=\"slide\" aria-label=\"slide-13758\"><img loading=\"lazy\" decoding=\"async\" src=\"https:\/\/5lo.lublin.pl\/wp-content\/uploads\/2019\/11\/IMG_2523-900x600.jpg\" height=\"600\" width=\"900\" alt=\"\" class=\"slider-13601 slide-13758\" title=\"IMG_2523\" \/><\/li>\n                <li style=\"display: none; width: 100%;\" class=\"slide-13759 ms-image \" aria-roledescription=\"slide\" aria-label=\"slide-13759\"><img loading=\"lazy\" decoding=\"async\" src=\"https:\/\/5lo.lublin.pl\/wp-content\/uploads\/2019\/11\/IMG_2530-900x600.jpg\" height=\"600\" width=\"900\" alt=\"\" class=\"slider-13601 slide-13759\" title=\"IMG_2530\" \/><\/li>\n                <li style=\"display: none; width: 100%;\" class=\"slide-13760 ms-image \" aria-roledescription=\"slide\" aria-label=\"slide-13760\"><img loading=\"lazy\" decoding=\"async\" src=\"https:\/\/5lo.lublin.pl\/wp-content\/uploads\/2019\/11\/IMG_2531-900x600.jpg\" height=\"600\" width=\"900\" alt=\"\" class=\"slider-13601 slide-13760\" title=\"IMG_2531\" \/><\/li>\n                <li style=\"display: none; width: 100%;\" class=\"slide-13761 ms-image \" aria-roledescription=\"slide\" aria-label=\"slide-13761\"><img loading=\"lazy\" decoding=\"async\" src=\"https:\/\/5lo.lublin.pl\/wp-content\/uploads\/2019\/11\/IMG_2537-900x600.jpg\" height=\"600\" width=\"900\" alt=\"\" class=\"slider-13601 slide-13761\" title=\"IMG_2537\" \/><\/li>\n                <li style=\"display: none; width: 100%;\" class=\"slide-13762 ms-image \" aria-roledescription=\"slide\" aria-label=\"slide-13762\"><img loading=\"lazy\" decoding=\"async\" src=\"https:\/\/5lo.lublin.pl\/wp-content\/uploads\/2019\/11\/IMG_2539-900x600.jpg\" height=\"600\" width=\"900\" alt=\"\" class=\"slider-13601 slide-13762\" title=\"IMG_2539\" \/><\/li>\n                <li style=\"display: none; width: 100%;\" class=\"slide-13763 ms-image \" aria-roledescription=\"slide\" aria-label=\"slide-13763\"><img loading=\"lazy\" decoding=\"async\" src=\"https:\/\/5lo.lublin.pl\/wp-content\/uploads\/2019\/11\/IMG_2541-900x600.jpg\" height=\"600\" width=\"900\" alt=\"\" class=\"slider-13601 slide-13763\" title=\"IMG_2541\" \/><\/li>\n                <li style=\"display: none; width: 100%;\" class=\"slide-13764 ms-image \" aria-roledescription=\"slide\" aria-label=\"slide-13764\"><img loading=\"lazy\" decoding=\"async\" src=\"https:\/\/5lo.lublin.pl\/wp-content\/uploads\/2019\/11\/IMG_2549-900x600.jpg\" height=\"600\" width=\"900\" alt=\"\" class=\"slider-13601 slide-13764\" title=\"IMG_2549\" \/><\/li>\n                <li style=\"display: none; width: 100%;\" class=\"slide-13765 ms-image \" aria-roledescription=\"slide\" aria-label=\"slide-13765\"><img loading=\"lazy\" decoding=\"async\" src=\"https:\/\/5lo.lublin.pl\/wp-content\/uploads\/2019\/11\/IMG_2553-900x600.jpg\" height=\"600\" width=\"900\" alt=\"\" class=\"slider-13601 slide-13765\" title=\"IMG_2553\" \/><\/li>\n                <li style=\"display: none; width: 100%;\" class=\"slide-13766 ms-image \" aria-roledescription=\"slide\" aria-label=\"slide-13766\"><img loading=\"lazy\" decoding=\"async\" src=\"https:\/\/5lo.lublin.pl\/wp-content\/uploads\/2019\/11\/IMG_2566-900x600.jpg\" height=\"600\" width=\"900\" alt=\"\" class=\"slider-13601 slide-13766\" title=\"IMG_2566\" \/><\/li>\n                <li style=\"display: none; width: 100%;\" class=\"slide-13767 ms-image \" aria-roledescription=\"slide\" aria-label=\"slide-13767\"><img loading=\"lazy\" decoding=\"async\" src=\"https:\/\/5lo.lublin.pl\/wp-content\/uploads\/2019\/11\/IMG_2573-900x600.jpg\" height=\"600\" width=\"900\" alt=\"\" class=\"slider-13601 slide-13767\" title=\"IMG_2573\" \/><\/li>\n                <li style=\"display: none; width: 100%;\" class=\"slide-13768 ms-image \" aria-roledescription=\"slide\" aria-label=\"slide-13768\"><img loading=\"lazy\" decoding=\"async\" src=\"https:\/\/5lo.lublin.pl\/wp-content\/uploads\/2019\/11\/IMG_2584-900x600.jpg\" height=\"600\" width=\"900\" alt=\"\" class=\"slider-13601 slide-13768\" title=\"IMG_2584\" \/><\/li>\n                <li style=\"display: none; width: 100%;\" class=\"slide-13769 ms-image \" aria-roledescription=\"slide\" aria-label=\"slide-13769\"><img loading=\"lazy\" decoding=\"async\" src=\"https:\/\/5lo.lublin.pl\/wp-content\/uploads\/2019\/11\/IMG_2591-900x600.jpg\" height=\"600\" width=\"900\" alt=\"\" class=\"slider-13601 slide-13769\" title=\"IMG_2591\" \/><\/li>\n                <li style=\"display: none; width: 100%;\" class=\"slide-13770 ms-image \" aria-roledescription=\"slide\" aria-label=\"slide-13770\"><img loading=\"lazy\" decoding=\"async\" src=\"https:\/\/5lo.lublin.pl\/wp-content\/uploads\/2019\/11\/IMG_2592-900x600.jpg\" height=\"600\" width=\"900\" alt=\"\" class=\"slider-13601 slide-13770\" title=\"IMG_2592\" \/><\/li>\n                <li style=\"display: none; width: 100%;\" class=\"slide-13771 ms-image \" aria-roledescription=\"slide\" aria-label=\"slide-13771\"><img loading=\"lazy\" decoding=\"async\" src=\"https:\/\/5lo.lublin.pl\/wp-content\/uploads\/2019\/11\/IMG_2596-900x600.jpg\" height=\"600\" width=\"900\" alt=\"\" class=\"slider-13601 slide-13771\" title=\"IMG_2596\" \/><\/li>\n                <li style=\"display: none; width: 100%;\" class=\"slide-13772 ms-image \" aria-roledescription=\"slide\" aria-label=\"slide-13772\"><img loading=\"lazy\" decoding=\"async\" src=\"https:\/\/5lo.lublin.pl\/wp-content\/uploads\/2019\/11\/IMG_2609-900x600.jpg\" height=\"600\" width=\"900\" alt=\"\" class=\"slider-13601 slide-13772\" title=\"IMG_2609\" \/><\/li>\n                <li style=\"display: none; width: 100%;\" class=\"slide-13773 ms-image \" aria-roledescription=\"slide\" aria-label=\"slide-13773\"><img loading=\"lazy\" decoding=\"async\" src=\"https:\/\/5lo.lublin.pl\/wp-content\/uploads\/2019\/11\/IMG_2610-900x600.jpg\" height=\"600\" width=\"900\" alt=\"\" class=\"slider-13601 slide-13773\" title=\"IMG_2610\" \/><\/li>\n                <li style=\"display: none; width: 100%;\" class=\"slide-13774 ms-image \" aria-roledescription=\"slide\" aria-label=\"slide-13774\"><img loading=\"lazy\" decoding=\"async\" src=\"https:\/\/5lo.lublin.pl\/wp-content\/uploads\/2019\/11\/IMG_2613-900x600.jpg\" height=\"600\" width=\"900\" alt=\"\" class=\"slider-13601 slide-13774\" title=\"IMG_2613\" \/><\/li>\n                <li style=\"display: none; width: 100%;\" class=\"slide-13775 ms-image \" aria-roledescription=\"slide\" aria-label=\"slide-13775\"><img loading=\"lazy\" decoding=\"async\" src=\"https:\/\/5lo.lublin.pl\/wp-content\/uploads\/2019\/11\/IMG_2618-900x600.jpg\" height=\"600\" width=\"900\" alt=\"\" class=\"slider-13601 slide-13775\" title=\"IMG_2618\" \/><\/li>\n                <li style=\"display: none; width: 100%;\" class=\"slide-13776 ms-image \" aria-roledescription=\"slide\" aria-label=\"slide-13776\"><img loading=\"lazy\" decoding=\"async\" src=\"https:\/\/5lo.lublin.pl\/wp-content\/uploads\/2019\/11\/IMG_2622-900x600.jpg\" height=\"600\" width=\"900\" alt=\"\" class=\"slider-13601 slide-13776\" title=\"IMG_2622\" \/><\/li>\n                <li style=\"display: none; width: 100%;\" class=\"slide-13777 ms-image \" aria-roledescription=\"slide\" aria-label=\"slide-13777\"><img loading=\"lazy\" decoding=\"async\" src=\"https:\/\/5lo.lublin.pl\/wp-content\/uploads\/2019\/11\/IMG_2628-900x600.jpg\" height=\"600\" width=\"900\" alt=\"\" class=\"slider-13601 slide-13777\" title=\"IMG_2628\" \/><\/li>\n            <\/ul>\n        <\/div>\n        \n    <\/div>\n<\/div>\n","protected":false},"excerpt":{"rendered":"<p>8 listopada w V Liceum Og\u00f3lnokszta\u0142c\u0105cym w Lublinie odby\u0142 si\u0119 Dzie\u0144 Postaci z Bajek zorganizowany przez Samorz\u0105d Uczniowski. Zadaniem ka\u017cdej klasy by\u0142o wybranie jednej bajki i przebranie si\u0119 za jej bohater\u00f3w. Konkurs cieszy\u0142 si\u0119 du\u017cym zainteresowaniem, a uczniowie wykazali si\u0119 ogromn\u0105 kreatywno\u015bci\u0105.<\/p>\n","protected":false},"author":12,"featured_media":13752,"comment_status":"open","ping_status":"open","sticky":false,"template":"","format":"standard","meta":{"footnotes":""},"categories":[1],"tags":[313,315,314],"_links":{"self":[{"href":"https:\/\/5lo.lublin.pl\/index.php?rest_route=\/wp\/v2\/posts\/13736"}],"collection":[{"href":"https:\/\/5lo.lublin.pl\/index.php?rest_route=\/wp\/v2\/posts"}],"about":[{"href":"https:\/\/5lo.lublin.pl\/index.php?rest_route=\/wp\/v2\/types\/post"}],"author":[{"embeddable":true,"href":"https:\/\/5lo.lublin.pl\/index.php?rest_route=\/wp\/v2\/users\/12"}],"replies":[{"embeddable":true,"href":"https:\/\/5lo.lublin.pl\/index.php?rest_route=%2Fwp%2Fv2%2Fcomments&post=13736"}],"version-history":[{"count":1,"href":"https:\/\/5lo.lublin.pl\/index.php?rest_route=\/wp\/v2\/posts\/13736\/revisions"}],"predecessor-version":[{"id":13778,"href":"https:\/\/5lo.lublin.pl\/index.php?rest_route=\/wp\/v2\/posts\/13736\/revisions\/13778"}],"wp:featuredmedia":[{"embeddable":true,"href":"https:\/\/5lo.lublin.pl\/index.php?rest_route=\/wp\/v2\/media\/13752"}],"wp:attachment":[{"href":"https:\/\/5lo.lublin.pl\/index.php?rest_route=%2Fwp%2Fv2%2Fmedia&parent=13736"}],"wp:term":[{"taxonomy":"category","embeddable":true,"href":"https:\/\/5lo.lublin.pl\/index.php?rest_route=%2Fwp%2Fv2%2Fcategories&post=13736"},{"taxonomy":"post_tag","embeddable":true,"href":"https:\/\/5lo.lublin.pl\/index.php?rest_route=%2Fwp%2Fv2%2Ftags&post=13736"}],"curies":[{"name":"wp","href":"https:\/\/api.w.org\/{rel}","templated":true}]}}