{"id":13621,"date":"2019-11-26T10:37:00","date_gmt":"2019-11-26T10:37:00","guid":{"rendered":"http:\/\/5lo.lublin.pl\/?p=13621"},"modified":"2019-11-26T12:26:33","modified_gmt":"2019-11-26T12:26:33","slug":"zebrania-z-rodzicami-27-28-11","status":"publish","type":"post","link":"https:\/\/5lo.lublin.pl\/?p=13621","title":{"rendered":"Zebrania z rodzicami 27-28.11 aktualizacja"},"content":{"rendered":"\n<p class=\"has-medium-font-size\">Szanowni Pa\u0144stwo,<\/p>\n\n\n\n<p class=\"has-text-align-center has-medium-font-size\"><strong>Uprzejmie informujemy, i\u017c w dniach 27-28.11.2019 r. odb\u0119d\u0105 si\u0119 zebrania z rodzicami.<\/strong><\/p>\n\n\n\n<p class=\"has-background has-text-align-center has-medium-font-size has-very-light-gray-background-color\"><strong>Dn. 27.11.2019 r. (\u015broda) o godz. 17.00 \u2013 zapraszamy rodzic\u00f3w uczni\u00f3w klas I a-e (ponadpodstawowe) oraz rodzic\u00f3w uczni\u00f3w klas II.<\/strong><\/p>\n\n\n\n<p style=\"font-size:18px\" class=\"has-text-align-center\"><strong>Rodzic\u00f3w uczni\u00f3w klas I a-e<\/strong> zapraszamy o godzinie 17.00 na doln\u0105 sal\u0119 gimnastyczn\u0105, gdzie odb\u0119dzie si\u0119 spotkanie z&nbsp;Panem&nbsp;Dyrektorem oraz Pani\u0105 Iwon\u0105 Sztajner \u2013 dyrektork\u0105 Stowarzyszenia Monar w Lublinie &#8211; Poradni Profilaktyki, Leczenia i Terapii Uzale\u017cnie\u0144. Po spotkaniu b\u0119dzie okazja do indywidualnej rozmowy z P. Sztajner.<\/p>\n\n\n\n<p style=\"font-size:18px\">Potem zapraszamy na spotkania z wychowawcami klas zgodnie z&nbsp;harmonogramem:<br> <\/p>\n\n\n\n<p><strong><em>I Ap \u2013 s. 213<\/em><\/strong><\/p>\n\n\n\n<p><strong><em>I Bp \u2013 s. 112<\/em><\/strong><\/p>\n\n\n\n<p><strong><em>I Cp \u2013 s. 109<\/em><\/strong><\/p>\n\n\n\n<p><strong><em>I Dp \u2013 s. 314<\/em><\/strong><\/p>\n\n\n\n<p><strong><em>I Ep \u2013 s. 304<\/em><\/strong><strong><em><br>\n<\/em><\/strong><\/p>\n\n\n\n<p style=\"font-size:18px\"><strong>Rodzic\u00f3w uczni\u00f3w klas II<\/strong>&nbsp; zapraszamy na spotkania z&nbsp;wychowawcami klas wed\u0142ug harmonogramu:<br> <\/p>\n\n\n\n<p class=\"has-background has-luminous-vivid-amber-background-color\"><strong><em>II A \u2013 s. 301<\/em><\/strong>        <strong>  ZEBRANIE ODWO\u0141ANE<\/strong><\/p>\n\n\n\n<p><strong><em>II B \u2013 s. 201<\/em><\/strong><\/p>\n\n\n\n<p><strong><em>II C \u2013 s. 309<\/em><\/strong><\/p>\n\n\n\n<p><strong><em>II D \u2013 s. 310<\/em><\/strong><\/p>\n\n\n\n<p><strong><em>II E \u2013 s. 214<\/em><\/strong><\/p>\n\n\n\n<p><strong><em>II F \u2013 s. 111<\/em><\/strong><\/p>\n\n\n\n<p class=\"has-background has-luminous-vivid-amber-background-color\"><strong><em>II G \u2013 s. 108<\/em><\/strong>  -&gt;ZMIANA-&gt; 04.12 g.17.00 s. 108<\/p>\n\n\n\n<p><strong><em>II H \u2013s. 205<\/em><\/strong><\/p>\n\n\n\n<p class=\"has-background has-text-align-center has-medium-font-size has-very-light-gray-background-color\"><strong>W dn. 28.11.2019 r. (czwartek) o godz. 17.00 zapraszamy rodzic\u00f3w uczni\u00f3w klas I f-g (ponadgimnazjalne) oraz rodzic\u00f3w uczni\u00f3w klas III.<\/strong><\/p>\n\n\n\n<p style=\"font-size:18px\" class=\"has-text-align-center\"><strong>Rodzic\u00f3w uczni\u00f3w klas I f-g <\/strong>zapraszamy o godzinie 17.00 na doln\u0105 sal\u0119 gimnastyczn\u0105, gdzie odb\u0119dzie si\u0119 spotkanie z&nbsp;Panem&nbsp;Dyrektorem oraz Pani\u0105 Iwon\u0105 Sztajner \u2013 dyrektork\u0105 Stowarzyszenia Monar w Lublinie &#8211; Poradni Profilaktyki, Leczenia i Terapii Uzale\u017cnie\u0144. Po spotkaniu b\u0119dzie okazja do indywidualnej rozmowy z P. Sztajner.<\/p>\n\n\n\n<p style=\"font-size:18px\"><strong><em>Potem zapraszamy na spotkania z wychowawcami\nklas zgodnie z&nbsp;harmonogramem:<\/em><\/strong><strong><em><br>\n<\/em><\/strong><\/p>\n\n\n\n<p><strong><em>I F \u2013 s. 213<\/em><\/strong><\/p>\n\n\n\n<p><strong><em>I G \u2013 s. 105<\/em><\/strong><\/p>\n\n\n\n<p><strong><em>I H \u2013 s. 214<\/em><\/strong><\/p>\n\n\n\n<p><strong><em>I J \u2013 s. 314<\/em><\/strong><\/p>\n\n\n\n<p class=\"has-background has-luminous-vivid-amber-background-color\"><strong><em>I K \u2013 s. 304         ZEBRANIE ODWO\u0141ANE<\/em><\/strong><strong><em><br> <\/em><\/strong><\/p>\n\n\n\n<p style=\"font-size:18px\" class=\"has-text-align-center\"><strong>Rodzic\u00f3w uczni\u00f3w klas III<\/strong>&nbsp; zapraszamy na spotkania z&nbsp;wychowawcami klas wed\u0142ug harmonogramu:<br> <\/p>\n\n\n\n<p><strong><em>III A \u2013 s. 216<\/em><\/strong><\/p>\n\n\n\n<p><strong><em>III B\n\u2013 s. 305<\/em><\/strong><\/p>\n\n\n\n<p><strong><em>III C \u2013 s. 314<\/em><\/strong><\/p>\n\n\n\n<p><strong><em>III D\n\u2013 s. 306<\/em><\/strong><\/p>\n\n\n\n<p><strong><em>III E\n\u2013 s. 211<\/em><\/strong><\/p>\n\n\n\n<p><strong><em>III F\n\u2013 s. 106<\/em><\/strong><\/p>\n\n\n\n<p><strong><em>III G\n\u2013 s. 111<\/em><\/strong><\/p>\n\n\n\n<p><strong><em>III H \u2013 s. 205<\/em><\/strong><\/p>\n\n\n\n<p><strong><em>III J \u2013 s. 204<\/em><\/strong><\/p>\n","protected":false},"excerpt":{"rendered":"<p>Szanowni Pa\u0144stwo, Uprzejmie informujemy, i\u017c w dniach 27-28.11.2019 r. odb\u0119d\u0105 si\u0119 zebrania z rodzicami. Dn. 27.11.2019 r. (\u015broda) o godz. 17.00 \u2013 zapraszamy rodzic\u00f3w uczni\u00f3w klas I a-e (ponadpodstawowe) oraz rodzic\u00f3w uczni\u00f3w klas II. Rodzic\u00f3w uczni\u00f3w klas I a-e zapraszamy o godzinie 17.00 na doln\u0105 sal\u0119 gimnastyczn\u0105, gdzie odb\u0119dzie si\u0119 spotkanie z&nbsp;Panem&nbsp;Dyrektorem oraz Pani\u0105 Iwon\u0105 [&hellip;]<\/p>\n","protected":false},"author":9,"featured_media":3517,"comment_status":"open","ping_status":"open","sticky":false,"template":"","format":"standard","meta":{"footnotes":""},"categories":[1],"tags":[],"_links":{"self":[{"href":"https:\/\/5lo.lublin.pl\/index.php?rest_route=\/wp\/v2\/posts\/13621"}],"collection":[{"href":"https:\/\/5lo.lublin.pl\/index.php?rest_route=\/wp\/v2\/posts"}],"about":[{"href":"https:\/\/5lo.lublin.pl\/index.php?rest_route=\/wp\/v2\/types\/post"}],"author":[{"embeddable":true,"href":"https:\/\/5lo.lublin.pl\/index.php?rest_route=\/wp\/v2\/users\/9"}],"replies":[{"embeddable":true,"href":"https:\/\/5lo.lublin.pl\/index.php?rest_route=%2Fwp%2Fv2%2Fcomments&post=13621"}],"version-history":[{"count":1,"href":"https:\/\/5lo.lublin.pl\/index.php?rest_route=\/wp\/v2\/posts\/13621\/revisions"}],"predecessor-version":[{"id":14158,"href":"https:\/\/5lo.lublin.pl\/index.php?rest_route=\/wp\/v2\/posts\/13621\/revisions\/14158"}],"wp:featuredmedia":[{"embeddable":true,"href":"https:\/\/5lo.lublin.pl\/index.php?rest_route=\/wp\/v2\/media\/3517"}],"wp:attachment":[{"href":"https:\/\/5lo.lublin.pl\/index.php?rest_route=%2Fwp%2Fv2%2Fmedia&parent=13621"}],"wp:term":[{"taxonomy":"category","embeddable":true,"href":"https:\/\/5lo.lublin.pl\/index.php?rest_route=%2Fwp%2Fv2%2Fcategories&post=13621"},{"taxonomy":"post_tag","embeddable":true,"href":"https:\/\/5lo.lublin.pl\/index.php?rest_route=%2Fwp%2Fv2%2Ftags&post=13621"}],"curies":[{"name":"wp","href":"https:\/\/api.w.org\/{rel}","templated":true}]}}