{"id":13554,"date":"2019-10-24T18:54:07","date_gmt":"2019-10-24T18:54:07","guid":{"rendered":"http:\/\/5lo.lublin.pl\/?p=13554"},"modified":"2019-10-27T08:54:44","modified_gmt":"2019-10-27T08:54:44","slug":"zmiany-w-e-dzienniku","status":"publish","type":"post","link":"https:\/\/5lo.lublin.pl\/?p=13554","title":{"rendered":"Zmiany w e-dzienniku"},"content":{"rendered":"\n<p class=\"has-medium-font-size\"> Szanowni Pa\u0144stwo! <\/p>\n\n\n\n<p class=\"has-medium-font-size\">W&nbsp;ramach realizowanego projektu \u201eOpracowanie i&nbsp;wdro\u017cenie \nzintegrowanego systemu informatycznego dla jednostek o\u015bwiatowych miasta \nLublin\u201d od&nbsp;dnia 28.10.2019&nbsp;r. aplikacja UONET+ b\u0119dzie dost\u0119pna pod&nbsp;nowym\n adresem: <a href=\"https:\/\/edu.lublin.eu\" target=\"_blank\" rel=\"noreferrer noopener\">https:\/\/edu.lublin.eu<\/a>.<\/p>\n\n\n\n<p class=\"has-medium-font-size\">Ka\u017cdy z&nbsp;U\u017cytkownik\u00f3w b\u0119dzie m\u00f3g\u0142 za&nbsp;pomoc\u0105 swojego adresu e-mail \nuzyska\u0107 informacj\u0119 o&nbsp;swoim loginie wraz z&nbsp;linkiem do&nbsp;ustalenia has\u0142a.<\/p>\n\n\n\n<p class=\"has-medium-font-size\">Instrukcj\u0119 opisuj\u0105c\u0105 spos\u00f3b pozyskania informacji o&nbsp;loginie \noraz&nbsp;nowym sposobie logowania znajdziecie Pa\u0144stwo na&nbsp;stronie g\u0142\u00f3wnej <a href=\"https:\/\/edu.lublin.eu\" target=\"_blank\" rel=\"noreferrer noopener\">https:\/\/edu.lublin.eu<\/a> w&nbsp;menu pomoc.<\/p>\n\n\n\n<p class=\"has-medium-font-size\"> Dane z dotychczasowych system\u00f3w zostan\u0105 przeniesione do nowej aplikacji  zainstalowanej na serwerach Miejskiego Centrum Przetwarzania Danych w  Lublinie.<br><strong>W zwi\u0105zku z przeniesieniem danych od godz. 7:00 w  pi\u0105tek 25.10.2019 r. do godz. 8:00 w dniu 28.10.2019 r. logowanie do  dziennika UONET+ nie b\u0119dzie mo\u017cliwe.<\/strong><\/p>\n\n\n\n<p> <\/p>\n\n\n\n<p> <br>        <\/p>\n\n\n\n<p><br><br><br><\/p>\n\n\n\n<p><\/p>\n","protected":false},"excerpt":{"rendered":"<p>Szanowni Pa\u0144stwo! W&nbsp;ramach realizowanego projektu \u201eOpracowanie i&nbsp;wdro\u017cenie zintegrowanego systemu informatycznego dla jednostek o\u015bwiatowych miasta Lublin\u201d od&nbsp;dnia 28.10.2019&nbsp;r. aplikacja UONET+ b\u0119dzie dost\u0119pna pod&nbsp;nowym adresem: https:\/\/edu.lublin.eu. Ka\u017cdy z&nbsp;U\u017cytkownik\u00f3w b\u0119dzie m\u00f3g\u0142 za&nbsp;pomoc\u0105 swojego adresu e-mail uzyska\u0107 informacj\u0119 o&nbsp;swoim loginie wraz z&nbsp;linkiem do&nbsp;ustalenia has\u0142a. Instrukcj\u0119 opisuj\u0105c\u0105 spos\u00f3b pozyskania informacji o&nbsp;loginie oraz&nbsp;nowym sposobie logowania znajdziecie Pa\u0144stwo na&nbsp;stronie g\u0142\u00f3wnej https:\/\/edu.lublin.eu w&nbsp;menu [&hellip;]<\/p>\n","protected":false},"author":23,"featured_media":13560,"comment_status":"open","ping_status":"open","sticky":false,"template":"","format":"standard","meta":{"footnotes":""},"categories":[1],"tags":[],"_links":{"self":[{"href":"https:\/\/5lo.lublin.pl\/index.php?rest_route=\/wp\/v2\/posts\/13554"}],"collection":[{"href":"https:\/\/5lo.lublin.pl\/index.php?rest_route=\/wp\/v2\/posts"}],"about":[{"href":"https:\/\/5lo.lublin.pl\/index.php?rest_route=\/wp\/v2\/types\/post"}],"author":[{"embeddable":true,"href":"https:\/\/5lo.lublin.pl\/index.php?rest_route=\/wp\/v2\/users\/23"}],"replies":[{"embeddable":true,"href":"https:\/\/5lo.lublin.pl\/index.php?rest_route=%2Fwp%2Fv2%2Fcomments&post=13554"}],"version-history":[{"count":1,"href":"https:\/\/5lo.lublin.pl\/index.php?rest_route=\/wp\/v2\/posts\/13554\/revisions"}],"predecessor-version":[{"id":13562,"href":"https:\/\/5lo.lublin.pl\/index.php?rest_route=\/wp\/v2\/posts\/13554\/revisions\/13562"}],"wp:featuredmedia":[{"embeddable":true,"href":"https:\/\/5lo.lublin.pl\/index.php?rest_route=\/wp\/v2\/media\/13560"}],"wp:attachment":[{"href":"https:\/\/5lo.lublin.pl\/index.php?rest_route=%2Fwp%2Fv2%2Fmedia&parent=13554"}],"wp:term":[{"taxonomy":"category","embeddable":true,"href":"https:\/\/5lo.lublin.pl\/index.php?rest_route=%2Fwp%2Fv2%2Fcategories&post=13554"},{"taxonomy":"post_tag","embeddable":true,"href":"https:\/\/5lo.lublin.pl\/index.php?rest_route=%2Fwp%2Fv2%2Ftags&post=13554"}],"curies":[{"name":"wp","href":"https:\/\/api.w.org\/{rel}","templated":true}]}}