{"id":13544,"date":"2019-10-05T18:23:03","date_gmt":"2019-10-05T18:23:03","guid":{"rendered":"http:\/\/5lo.lublin.pl\/?p=13544"},"modified":"2019-10-05T18:23:06","modified_gmt":"2019-10-05T18:23:06","slug":"lider-wiedzy-i-ochrony-srodowiska","status":"publish","type":"post","link":"https:\/\/5lo.lublin.pl\/?p=13544","title":{"rendered":"\u201eLider wiedzy i ochrony \u015brodowiska\u201d"},"content":{"rendered":"\n<p>03 pa\u017adziernika 2019 roku uczennica klasy 3d <strong>Karolina Pidek<\/strong> uczestniczy\u0142a w Zwierzy\u0144cu w konferencji naukowej pt. \u201eObserwuj\u0119, badam, chroni\u0119\u2026 Roztocza\u0144skie ekoinspiracje\u201d zorganizowanej przez Kuratorium O\u015bwiaty w Lublinie oraz Wojew\u00f3dzki Fundusz Ochrony \u015arodowiska i Gospodarki Wodnej w Lublinie. Konferencja by\u0142a podsumowaniem programu stypendialnego \u201e<em>Lider wiedzy i ochrony \u015brodowiska<\/em>\u201d, w ramach kt\u00f3rego Karolina realizowa\u0142a projekt przyrodniczy.<\/p>\n\n\n\n<p> Opiekun \u2013 mgr Agnieszka Przybycie\u0144-Sioma  <\/p>\n\n\n\n<figure class=\"wp-block-image\"><img loading=\"lazy\" decoding=\"async\" width=\"665\" height=\"869\" src=\"https:\/\/5lo.lublin.pl\/wp-content\/uploads\/2019\/10\/cert-1.jpg\" alt=\"\" class=\"wp-image-13548\" srcset=\"https:\/\/5lo.lublin.pl\/wp-content\/uploads\/2019\/10\/cert-1.jpg 665w, https:\/\/5lo.lublin.pl\/wp-content\/uploads\/2019\/10\/cert-1-230x300.jpg 230w\" sizes=\"(max-width: 665px) 100vw, 665px\" \/><\/figure>\n","protected":false},"excerpt":{"rendered":"<p>03 pa\u017adziernika 2019 roku uczennica klasy 3d Karolina Pidek uczestniczy\u0142a w Zwierzy\u0144cu w konferencji naukowej pt. \u201eObserwuj\u0119, badam, chroni\u0119\u2026 Roztocza\u0144skie ekoinspiracje\u201d zorganizowanej przez Kuratorium O\u015bwiaty w Lublinie oraz Wojew\u00f3dzki Fundusz Ochrony \u015arodowiska i Gospodarki Wodnej w Lublinie. Konferencja by\u0142a podsumowaniem programu stypendialnego \u201eLider wiedzy i ochrony \u015brodowiska\u201d, w ramach kt\u00f3rego Karolina realizowa\u0142a projekt przyrodniczy. Opiekun [&hellip;]<\/p>\n","protected":false},"author":73,"featured_media":13547,"comment_status":"open","ping_status":"open","sticky":false,"template":"","format":"standard","meta":{"footnotes":""},"categories":[1],"tags":[],"_links":{"self":[{"href":"https:\/\/5lo.lublin.pl\/index.php?rest_route=\/wp\/v2\/posts\/13544"}],"collection":[{"href":"https:\/\/5lo.lublin.pl\/index.php?rest_route=\/wp\/v2\/posts"}],"about":[{"href":"https:\/\/5lo.lublin.pl\/index.php?rest_route=\/wp\/v2\/types\/post"}],"author":[{"embeddable":true,"href":"https:\/\/5lo.lublin.pl\/index.php?rest_route=\/wp\/v2\/users\/73"}],"replies":[{"embeddable":true,"href":"https:\/\/5lo.lublin.pl\/index.php?rest_route=%2Fwp%2Fv2%2Fcomments&post=13544"}],"version-history":[{"count":1,"href":"https:\/\/5lo.lublin.pl\/index.php?rest_route=\/wp\/v2\/posts\/13544\/revisions"}],"predecessor-version":[{"id":13549,"href":"https:\/\/5lo.lublin.pl\/index.php?rest_route=\/wp\/v2\/posts\/13544\/revisions\/13549"}],"wp:featuredmedia":[{"embeddable":true,"href":"https:\/\/5lo.lublin.pl\/index.php?rest_route=\/wp\/v2\/media\/13547"}],"wp:attachment":[{"href":"https:\/\/5lo.lublin.pl\/index.php?rest_route=%2Fwp%2Fv2%2Fmedia&parent=13544"}],"wp:term":[{"taxonomy":"category","embeddable":true,"href":"https:\/\/5lo.lublin.pl\/index.php?rest_route=%2Fwp%2Fv2%2Fcategories&post=13544"},{"taxonomy":"post_tag","embeddable":true,"href":"https:\/\/5lo.lublin.pl\/index.php?rest_route=%2Fwp%2Fv2%2Ftags&post=13544"}],"curies":[{"name":"wp","href":"https:\/\/api.w.org\/{rel}","templated":true}]}}