{"id":13501,"date":"2019-10-02T10:26:37","date_gmt":"2019-10-02T10:26:37","guid":{"rendered":"http:\/\/5lo.lublin.pl\/?p=13501"},"modified":"2019-10-02T10:34:26","modified_gmt":"2019-10-02T10:34:26","slug":"miedzynarodowy-miesiac-bibliotek-szkolnych","status":"publish","type":"post","link":"https:\/\/5lo.lublin.pl\/?p=13501","title":{"rendered":"Mi\u0119dzynarodowy Miesi\u0105c Bibliotek Szkolnych"},"content":{"rendered":"\n<p>W ramach Mi\u0119dzynarodowego Miesi\u0105ca Bibliotek Szkolnych pa\u017adziernik w bibliotece szkolnej b\u0119dzie przebiega\u0142 pod has\u0142em: \u201eWyobra\u017a sobie\u201d. <\/p>\n\n\n\n<p>Zostan\u0105 podj\u0119te dzia\u0142ania promuj\u0105ce czytelnictwo w\u015br\u00f3d naszych uczni\u00f3w:<\/p>\n\n\n\n<p>&#8211; akcja \u201eS\u0142odkie Dni z Ksi\u0105\u017ck\u0105\u201d (<strong>w dniach 8 i 24 pa\u017adziernika ka\u017cda osoba, kt\u00f3ra wypo\u017cyczy ksi\u0105\u017ck\u0119 &nbsp;z dzia\u0142u\u201d Literatury pi\u0119knej\u201d otrzyma s\u0142odki upominek);<\/strong><\/p>\n\n\n\n<p>&#8211; konkurs literacki (<strong>nale\u017cy zg\u0142osi\u0107 si\u0119 do biblioteki, udzieli\u0107 poprawnej odpowiedzi na zestaw pyta\u0144 i otrzyma\u0107 nagrod\u0119<\/strong>);<\/p>\n\n\n\n<p>&#8211; quiz \u201eCzy mnie jeszcze pami\u0119tasz? (zespo\u0142y klasowe przypomn\u0105 sobie lektury z ubieg\u0142ego);<\/p>\n\n\n\n<p>&#8211; wystawa prac plastycznych uczni\u00f3w naszej szko\u0142y na holu;<\/p>\n\n\n\n<p>&#8211; prezentacja ksi\u0105\u017cek o warto\u015bci przyja\u017ani, jako propozycja do wypo\u017cyczenia.<\/p>\n\n\n\n<p>Zach\u0119camy do aktywnego w\u0142\u0105czenia si\u0119 w nasze propozycje biblioteczne z okazji Miesi\u0105ca \u2026<\/p>\n\n\n\n<div class=\"alignnormal\"><div id=\"metaslider-id-13519\" style=\"max-width: 900px; margin: 0 auto;\" class=\"ml-slider-3-62-0 metaslider metaslider-flex metaslider-13519 ml-slider ms-theme-disjoint nav-hidden\" role=\"region\" aria-roledescription=\"Slideshow\" aria-label=\"New Slideshow\">\n    <div id=\"metaslider_container_13519\">\n        <div id=\"metaslider_13519\" class=\"flexslider\">\n            <ul aria-live=\"polite\" class=\"slides\">\n                <li style=\"display: block; width: 100%;\" class=\"slide-13529 ms-image \" aria-roledescription=\"slide\" aria-label=\"slide-13529\"><img loading=\"lazy\" decoding=\"async\" src=\"https:\/\/5lo.lublin.pl\/wp-content\/uploads\/2019\/10\/IMG_3722-900x600.jpg\" height=\"600\" width=\"900\" alt=\"\" class=\"slider-13519 slide-13529\" title=\"IMG_3722\" \/><\/li>\n                <li style=\"display: none; width: 100%;\" class=\"slide-13530 ms-image \" aria-roledescription=\"slide\" aria-label=\"slide-13530\"><img loading=\"lazy\" decoding=\"async\" src=\"https:\/\/5lo.lublin.pl\/wp-content\/uploads\/2019\/10\/IMG_3725-2-900x600.jpg\" height=\"600\" width=\"900\" alt=\"\" class=\"slider-13519 slide-13530\" title=\"IMG_3725\" \/><\/li>\n                <li style=\"display: none; width: 100%;\" class=\"slide-13531 ms-image \" aria-roledescription=\"slide\" aria-label=\"slide-13531\"><img loading=\"lazy\" decoding=\"async\" src=\"https:\/\/5lo.lublin.pl\/wp-content\/uploads\/2019\/10\/IMG_3727-1-900x600.jpg\" height=\"600\" width=\"900\" alt=\"\" class=\"slider-13519 slide-13531\" title=\"IMG_3727\" \/><\/li>\n                <li style=\"display: none; width: 100%;\" class=\"slide-13532 ms-image \" aria-roledescription=\"slide\" aria-label=\"slide-13532\"><img loading=\"lazy\" decoding=\"async\" src=\"https:\/\/5lo.lublin.pl\/wp-content\/uploads\/2019\/10\/IMG_3728-1-900x600.jpg\" height=\"600\" width=\"900\" alt=\"\" class=\"slider-13519 slide-13532\" title=\"IMG_3728\" \/><\/li>\n                <li style=\"display: none; width: 100%;\" class=\"slide-13533 ms-image \" aria-roledescription=\"slide\" aria-label=\"slide-13533\"><img loading=\"lazy\" decoding=\"async\" src=\"https:\/\/5lo.lublin.pl\/wp-content\/uploads\/2019\/10\/IMG_3729-1-900x600.jpg\" height=\"600\" width=\"900\" alt=\"\" class=\"slider-13519 slide-13533\" title=\"IMG_3729\" \/><\/li>\n                <li style=\"display: none; width: 100%;\" class=\"slide-13534 ms-image \" aria-roledescription=\"slide\" aria-label=\"slide-13534\"><img loading=\"lazy\" decoding=\"async\" src=\"https:\/\/5lo.lublin.pl\/wp-content\/uploads\/2019\/10\/IMG_3730-1-900x600.jpg\" height=\"600\" width=\"900\" alt=\"\" class=\"slider-13519 slide-13534\" title=\"IMG_3730\" \/><\/li>\n                <li style=\"display: none; width: 100%;\" class=\"slide-13535 ms-image \" aria-roledescription=\"slide\" aria-label=\"slide-13535\"><img loading=\"lazy\" decoding=\"async\" src=\"https:\/\/5lo.lublin.pl\/wp-content\/uploads\/2019\/10\/IMG_3732-1-900x600.jpg\" height=\"600\" width=\"900\" alt=\"\" class=\"slider-13519 slide-13535\" title=\"IMG_3732\" \/><\/li>\n            <\/ul>\n        <\/div>\n        \n    <\/div>\n<\/div><\/div>\n\n\n\n<p>Nauczyciele\nBibliotekarze<\/p>\n","protected":false},"excerpt":{"rendered":"<p>W ramach Mi\u0119dzynarodowego Miesi\u0105ca Bibliotek Szkolnych pa\u017adziernik w bibliotece szkolnej b\u0119dzie przebiega\u0142 pod has\u0142em: \u201eWyobra\u017a sobie\u201d. Zostan\u0105 podj\u0119te dzia\u0142ania promuj\u0105ce czytelnictwo w\u015br\u00f3d naszych uczni\u00f3w: &#8211; akcja \u201eS\u0142odkie Dni z Ksi\u0105\u017ck\u0105\u201d (w dniach 8 i 24 pa\u017adziernika ka\u017cda osoba, kt\u00f3ra wypo\u017cyczy ksi\u0105\u017ck\u0119 &nbsp;z dzia\u0142u\u201d Literatury pi\u0119knej\u201d otrzyma s\u0142odki upominek); &#8211; konkurs literacki (nale\u017cy zg\u0142osi\u0107 si\u0119 do [&hellip;]<\/p>\n","protected":false},"author":145,"featured_media":13537,"comment_status":"open","ping_status":"open","sticky":false,"template":"","format":"standard","meta":{"footnotes":""},"categories":[222,1,133],"tags":[],"_links":{"self":[{"href":"https:\/\/5lo.lublin.pl\/index.php?rest_route=\/wp\/v2\/posts\/13501"}],"collection":[{"href":"https:\/\/5lo.lublin.pl\/index.php?rest_route=\/wp\/v2\/posts"}],"about":[{"href":"https:\/\/5lo.lublin.pl\/index.php?rest_route=\/wp\/v2\/types\/post"}],"author":[{"embeddable":true,"href":"https:\/\/5lo.lublin.pl\/index.php?rest_route=\/wp\/v2\/users\/145"}],"replies":[{"embeddable":true,"href":"https:\/\/5lo.lublin.pl\/index.php?rest_route=%2Fwp%2Fv2%2Fcomments&post=13501"}],"version-history":[{"count":1,"href":"https:\/\/5lo.lublin.pl\/index.php?rest_route=\/wp\/v2\/posts\/13501\/revisions"}],"predecessor-version":[{"id":13541,"href":"https:\/\/5lo.lublin.pl\/index.php?rest_route=\/wp\/v2\/posts\/13501\/revisions\/13541"}],"wp:featuredmedia":[{"embeddable":true,"href":"https:\/\/5lo.lublin.pl\/index.php?rest_route=\/wp\/v2\/media\/13537"}],"wp:attachment":[{"href":"https:\/\/5lo.lublin.pl\/index.php?rest_route=%2Fwp%2Fv2%2Fmedia&parent=13501"}],"wp:term":[{"taxonomy":"category","embeddable":true,"href":"https:\/\/5lo.lublin.pl\/index.php?rest_route=%2Fwp%2Fv2%2Fcategories&post=13501"},{"taxonomy":"post_tag","embeddable":true,"href":"https:\/\/5lo.lublin.pl\/index.php?rest_route=%2Fwp%2Fv2%2Ftags&post=13501"}],"curies":[{"name":"wp","href":"https:\/\/api.w.org\/{rel}","templated":true}]}}